{"id":897,"date":"2025-05-19T20:23:14","date_gmt":"2025-05-19T20:23:14","guid":{"rendered":"http:\/\/tuportaldelujan.com.ar\/web30\/?p=897"},"modified":"2025-05-19T20:26:41","modified_gmt":"2025-05-19T20:26:41","slug":"prueba-de-publicacion","status":"publish","type":"post","link":"http:\/\/tuportaldelujan.com.ar\/web30\/prueba-de-publicacion\/","title":{"rendered":"Prueba de publicaci\u00f3n"},"content":{"rendered":"<!-- wp:themify-builder\/canvas \/-->\n\n\n\n\n\n\n<h2>Prueba de publicaci\u00f3n<\/h2>\n<p>Invitamos a todos a disfrutar de un paseo \u00fanico en nuestra querida ciudad de Luj\u00e1n.<br \/>Durante los meses de enero y febrero, la Feria Franca Luj\u00e1n seguir\u00e1 abriendo sus puertas en el Parque San Mart\u00edn todos los s\u00e1bados de 18 a 22 hs.<\/p>\n<p>Los integrantes de la Feria Franca son m\u00e1s de 40 productores locales que establecidos en el parque San Mart\u00edn,\u00a0 promueven la incorporaci\u00f3n de valor a la producci\u00f3n, la inclusi\u00f3n social, la agroecolog\u00eda y el encuentro a trav\u00e9s de la cultura y la recreaci\u00f3n.<\/p>\n","protected":false},"excerpt":{"rendered":"<p>Prueba de publicaci\u00f3n Invitamos a todos a disfrutar de un paseo \u00fanico en nuestra querida ciudad de Luj\u00e1n.Durante los meses de enero y febrero, la Feria Franca Luj\u00e1n seguir\u00e1 abriendo sus puertas en el Parque San Mart\u00edn todos los s\u00e1bados de 18 a 22 hs. Los integrantes de la Feria Franca son m\u00e1s de 40 [&hellip;]<\/p>\n","protected":false},"author":2,"featured_media":538,"comment_status":"closed","ping_status":"closed","sticky":false,"template":"","format":"standard","meta":{"_uag_custom_page_level_css":"","site-sidebar-layout":"default","site-content-layout":"","ast-site-content-layout":"default","site-content-style":"default","site-sidebar-style":"default","ast-global-header-display":"","ast-banner-title-visibility":"","ast-main-header-display":"","ast-hfb-above-header-display":"","ast-hfb-below-header-display":"","ast-hfb-mobile-header-display":"","site-post-title":"","ast-breadcrumbs-content":"","ast-featured-img":"","footer-sml-layout":"","theme-transparent-header-meta":"","adv-header-id-meta":"","stick-header-meta":"","header-above-stick-meta":"","header-main-stick-meta":"","header-below-stick-meta":"","astra-migrate-meta-layouts":"set","ast-page-background-enabled":"default","ast-page-background-meta":{"desktop":{"background-color":"var(--ast-global-color-4)","background-image":"","background-repeat":"repeat","background-position":"center center","background-size":"auto","background-attachment":"scroll","background-type":"","background-media":"","overlay-type":"","overlay-color":"","overlay-opacity":"","overlay-gradient":""},"tablet":{"background-color":"","background-image":"","background-repeat":"repeat","background-position":"center center","background-size":"auto","background-attachment":"scroll","background-type":"","background-media":"","overlay-type":"","overlay-color":"","overlay-opacity":"","overlay-gradient":""},"mobile":{"background-color":"","background-image":"","background-repeat":"repeat","background-position":"center center","background-size":"auto","background-attachment":"scroll","background-type":"","background-media":"","overlay-type":"","overlay-color":"","overlay-opacity":"","overlay-gradient":""}},"ast-content-background-meta":{"desktop":{"background-color":"var(--ast-global-color-5)","background-image":"","background-repeat":"repeat","background-position":"center center","background-size":"auto","background-attachment":"scroll","background-type":"","background-media":"","overlay-type":"","overlay-color":"","overlay-opacity":"","overlay-gradient":""},"tablet":{"background-color":"var(--ast-global-color-5)","background-image":"","background-repeat":"repeat","background-position":"center center","background-size":"auto","background-attachment":"scroll","background-type":"","background-media":"","overlay-type":"","overlay-color":"","overlay-opacity":"","overlay-gradient":""},"mobile":{"background-color":"var(--ast-global-color-5)","background-image":"","background-repeat":"repeat","background-position":"center center","background-size":"auto","background-attachment":"scroll","background-type":"","background-media":"","overlay-type":"","overlay-color":"","overlay-opacity":"","overlay-gradient":""}},"footnotes":""},"categories":[1],"tags":[],"class_list":["post-897","post","type-post","status-publish","format-standard","has-post-thumbnail","hentry","category-destacado"],"uagb_featured_image_src":{"full":["http:\/\/tuportaldelujan.com.ar\/web30\/wp-content\/uploads\/2016\/09\/exposicion-anual-alimentos-sin-gluten-san-martin-buenos-aires-tuportaldelujan.jpg",600,400,false],"thumbnail":["http:\/\/tuportaldelujan.com.ar\/web30\/wp-content\/uploads\/2016\/09\/exposicion-anual-alimentos-sin-gluten-san-martin-buenos-aires-tuportaldelujan-150x150.jpg",150,150,true],"medium":["http:\/\/tuportaldelujan.com.ar\/web30\/wp-content\/uploads\/2016\/09\/exposicion-anual-alimentos-sin-gluten-san-martin-buenos-aires-tuportaldelujan-300x200.jpg",300,200,true],"medium_large":["http:\/\/tuportaldelujan.com.ar\/web30\/wp-content\/uploads\/2016\/09\/exposicion-anual-alimentos-sin-gluten-san-martin-buenos-aires-tuportaldelujan.jpg",600,400,false],"large":["http:\/\/tuportaldelujan.com.ar\/web30\/wp-content\/uploads\/2016\/09\/exposicion-anual-alimentos-sin-gluten-san-martin-buenos-aires-tuportaldelujan.jpg",600,400,false],"1536x1536":["http:\/\/tuportaldelujan.com.ar\/web30\/wp-content\/uploads\/2016\/09\/exposicion-anual-alimentos-sin-gluten-san-martin-buenos-aires-tuportaldelujan.jpg",600,400,false],"2048x2048":["http:\/\/tuportaldelujan.com.ar\/web30\/wp-content\/uploads\/2016\/09\/exposicion-anual-alimentos-sin-gluten-san-martin-buenos-aires-tuportaldelujan.jpg",600,400,false]},"uagb_author_info":{"display_name":"tuportal","author_link":"http:\/\/tuportaldelujan.com.ar\/web30\/author\/tuportal\/"},"uagb_comment_info":0,"uagb_excerpt":"Prueba de publicaci\u00f3n Invitamos a todos a disfrutar de un paseo \u00fanico en nuestra querida ciudad de Luj\u00e1n.Durante los meses de enero y febrero, la Feria Franca Luj\u00e1n seguir\u00e1 abriendo sus puertas en el Parque San Mart\u00edn todos los s\u00e1bados de 18 a 22 hs. Los integrantes de la Feria Franca son m\u00e1s de 40&hellip;","builder_content":"","_links":{"self":[{"href":"http:\/\/tuportaldelujan.com.ar\/web30\/wp-json\/wp\/v2\/posts\/897","targetHints":{"allow":["GET"]}}],"collection":[{"href":"http:\/\/tuportaldelujan.com.ar\/web30\/wp-json\/wp\/v2\/posts"}],"about":[{"href":"http:\/\/tuportaldelujan.com.ar\/web30\/wp-json\/wp\/v2\/types\/post"}],"author":[{"embeddable":true,"href":"http:\/\/tuportaldelujan.com.ar\/web30\/wp-json\/wp\/v2\/users\/2"}],"replies":[{"embeddable":true,"href":"http:\/\/tuportaldelujan.com.ar\/web30\/wp-json\/wp\/v2\/comments?post=897"}],"version-history":[{"count":6,"href":"http:\/\/tuportaldelujan.com.ar\/web30\/wp-json\/wp\/v2\/posts\/897\/revisions"}],"predecessor-version":[{"id":907,"href":"http:\/\/tuportaldelujan.com.ar\/web30\/wp-json\/wp\/v2\/posts\/897\/revisions\/907"}],"wp:featuredmedia":[{"embeddable":true,"href":"http:\/\/tuportaldelujan.com.ar\/web30\/wp-json\/wp\/v2\/media\/538"}],"wp:attachment":[{"href":"http:\/\/tuportaldelujan.com.ar\/web30\/wp-json\/wp\/v2\/media?parent=897"}],"wp:term":[{"taxonomy":"category","embeddable":true,"href":"http:\/\/tuportaldelujan.com.ar\/web30\/wp-json\/wp\/v2\/categories?post=897"},{"taxonomy":"post_tag","embeddable":true,"href":"http:\/\/tuportaldelujan.com.ar\/web30\/wp-json\/wp\/v2\/tags?post=897"}],"curies":[{"name":"wp","href":"https:\/\/api.w.org\/{rel}","templated":true}]}}