{"id":721,"date":"2019-08-07T15:14:38","date_gmt":"2019-08-07T15:14:38","guid":{"rendered":"http:\/\/tuportaldelujan.com.ar\/web30\/?p=721"},"modified":"2019-08-07T15:14:38","modified_gmt":"2019-08-07T15:14:38","slug":"la-casa-del-virrey","status":"publish","type":"post","link":"http:\/\/tuportaldelujan.com.ar\/web30\/la-casa-del-virrey\/","title":{"rendered":"La Casa del Virrey"},"content":{"rendered":"<p class=\"Estilo7\">Esta casa que hoy forma parte del Complejo Museogr\u00e1fico &lt;Enrique Udaondo&gt;, fue mandada a construir en 1772, siendo probablemente la vivienda m\u00e1s antigua a\u00fan en pie en todo el territorio bonaerense.<\/p>\n<figure id=\"attachment_722\" aria-describedby=\"caption-attachment-722\" style=\"width: 182px\" class=\"wp-caption alignright\"><a href=\"http:\/\/tuportaldelujan.com.ar\/web30\/wp-content\/uploads\/2019\/08\/ciudad-milagrosa-casa-del-virrey.jpg\"><img loading=\"lazy\" decoding=\"async\" class=\"wp-image-722 size-full\" src=\"http:\/\/tuportaldelujan.com.ar\/web30\/wp-content\/uploads\/2019\/08\/ciudad-milagrosa-casa-del-virrey.jpg\" alt=\"ciudad-milagrosa-casa-del-virrey\" width=\"182\" height=\"143\" \/><\/a><figcaption id=\"caption-attachment-722\" class=\"wp-caption-text\">La Casa del Virrey<\/figcaption><\/figure>\n<p class=\"Estilo7\">Comenz\u00f3 a ser llamada \u201cLa Casa del Virrey\u201d, desde que en ella se aloj\u00f3 en Julio de 1806 el virrey de Sobremonte, cuando huye hacia C\u00f3rdoba con los tesoros del Fuerte, en ocasi\u00f3n de las Invasiones Inglesas, tuvo que detenerse en nuestra Villa debido al mal estado de los caminos.<\/p>\n<p class=\"Estilo7\">Esta propiedad fue Real Estanco de Tabacos y Oficina de Recaudaci\u00f3n de Impuestos y m\u00e1s tarde pulper\u00eda, pero el m\u00e1s alto honor que le ocupo, fue que en ella pas\u00f3 los mejores a\u00f1os de su vida (desde 1829) uno de los sabios m\u00e1s importantes de la Historia Nacional, Francisco Javier Mu\u00f1iz: amigo de Darwin, docente, pionero de la medicina argentina, diputado, senador y soldado de la Patria tanto en su juventud como cuando anciano, salt\u00f3 a la fama mundial por sus investigaciones claves para el descubrimiento de la vacuna antivari\u00f3lica (realizados en esta casa) y por sus descubrimientos paleontol\u00f3gicos logrados a orillas de nuestro r\u00edo, en aquellos a\u00f1os, uno de los yacimientos de mam\u00edferos f\u00f3siles m\u00e1s renombrados del planeta.<\/p>\n<p class=\"Estilo7\">Este edificio, declarado hoy Monumento Hist\u00f3rico Nacional, fue cambiando de due\u00f1os y lo habitaron particulares hasta finales del siglo anterior. En 1894 se convirti\u00f3 en imprenta \u201cLa Justicia\u201d y m\u00e1s tarde fue sede del C\u00edrculo Cat\u00f3lico de Obreros y finalmente pas\u00f3 a formar parte del Museo inaugurado en 1923.Foto: Casa del Virrey<\/p>\n<p class=\"Estilo1\">\n","protected":false},"excerpt":{"rendered":"<p>Esta casa que hoy forma parte del Complejo Museogr\u00e1fico &lt;Enrique Udaondo&gt;, fue mandada a construir en 1772, siendo probablemente la vivienda m\u00e1s antigua a\u00fan en pie en todo el territorio bonaerense. Comenz\u00f3 a ser llamada \u201cLa Casa del Virrey\u201d, desde que en ella se aloj\u00f3 en Julio de 1806 el virrey de Sobremonte, cuando huye [&hellip;]<\/p>\n","protected":false},"author":2,"featured_media":722,"comment_status":"closed","ping_status":"closed","sticky":false,"template":"","format":"standard","meta":{"_uag_custom_page_level_css":"","site-sidebar-layout":"default","site-content-layout":"","ast-site-content-layout":"default","site-content-style":"default","site-sidebar-style":"default","ast-global-header-display":"","ast-banner-title-visibility":"","ast-main-header-display":"","ast-hfb-above-header-display":"","ast-hfb-below-header-display":"","ast-hfb-mobile-header-display":"","site-post-title":"","ast-breadcrumbs-content":"","ast-featured-img":"","footer-sml-layout":"","theme-transparent-header-meta":"","adv-header-id-meta":"","stick-header-meta":"","header-above-stick-meta":"","header-main-stick-meta":"","header-below-stick-meta":"","astra-migrate-meta-layouts":"default","ast-page-background-enabled":"default","ast-page-background-meta":{"desktop":{"background-color":"var(--ast-global-color-4)","background-image":"","background-repeat":"repeat","background-position":"center center","background-size":"auto","background-attachment":"scroll","background-type":"","background-media":"","overlay-type":"","overlay-color":"","overlay-opacity":"","overlay-gradient":""},"tablet":{"background-color":"","background-image":"","background-repeat":"repeat","background-position":"center center","background-size":"auto","background-attachment":"scroll","background-type":"","background-media":"","overlay-type":"","overlay-color":"","overlay-opacity":"","overlay-gradient":""},"mobile":{"background-color":"","background-image":"","background-repeat":"repeat","background-position":"center center","background-size":"auto","background-attachment":"scroll","background-type":"","background-media":"","overlay-type":"","overlay-color":"","overlay-opacity":"","overlay-gradient":""}},"ast-content-background-meta":{"desktop":{"background-color":"var(--ast-global-color-5)","background-image":"","background-repeat":"repeat","background-position":"center center","background-size":"auto","background-attachment":"scroll","background-type":"","background-media":"","overlay-type":"","overlay-color":"","overlay-opacity":"","overlay-gradient":""},"tablet":{"background-color":"var(--ast-global-color-5)","background-image":"","background-repeat":"repeat","background-position":"center center","background-size":"auto","background-attachment":"scroll","background-type":"","background-media":"","overlay-type":"","overlay-color":"","overlay-opacity":"","overlay-gradient":""},"mobile":{"background-color":"var(--ast-global-color-5)","background-image":"","background-repeat":"repeat","background-position":"center center","background-size":"auto","background-attachment":"scroll","background-type":"","background-media":"","overlay-type":"","overlay-color":"","overlay-opacity":"","overlay-gradient":""}},"footnotes":""},"categories":[78],"tags":[],"class_list":["post-721","post","type-post","status-publish","format-standard","has-post-thumbnail","hentry","category-patrimonios"],"uagb_featured_image_src":{"full":["http:\/\/tuportaldelujan.com.ar\/web30\/wp-content\/uploads\/2019\/08\/ciudad-milagrosa-casa-del-virrey.jpg",182,143,false],"thumbnail":["http:\/\/tuportaldelujan.com.ar\/web30\/wp-content\/uploads\/2019\/08\/ciudad-milagrosa-casa-del-virrey-150x143.jpg",150,143,true],"medium":["http:\/\/tuportaldelujan.com.ar\/web30\/wp-content\/uploads\/2019\/08\/ciudad-milagrosa-casa-del-virrey.jpg",182,143,false],"medium_large":["http:\/\/tuportaldelujan.com.ar\/web30\/wp-content\/uploads\/2019\/08\/ciudad-milagrosa-casa-del-virrey.jpg",182,143,false],"large":["http:\/\/tuportaldelujan.com.ar\/web30\/wp-content\/uploads\/2019\/08\/ciudad-milagrosa-casa-del-virrey.jpg",182,143,false],"1536x1536":["http:\/\/tuportaldelujan.com.ar\/web30\/wp-content\/uploads\/2019\/08\/ciudad-milagrosa-casa-del-virrey.jpg",182,143,false],"2048x2048":["http:\/\/tuportaldelujan.com.ar\/web30\/wp-content\/uploads\/2019\/08\/ciudad-milagrosa-casa-del-virrey.jpg",182,143,false]},"uagb_author_info":{"display_name":"tuportal","author_link":"http:\/\/tuportaldelujan.com.ar\/web30\/author\/tuportal\/"},"uagb_comment_info":0,"uagb_excerpt":"Esta casa que hoy forma parte del Complejo Museogr\u00e1fico &lt;Enrique Udaondo&gt;, fue mandada a construir en 1772, siendo probablemente la vivienda m\u00e1s antigua a\u00fan en pie en todo el territorio bonaerense. Comenz\u00f3 a ser llamada \u201cLa Casa del Virrey\u201d, desde que en ella se aloj\u00f3 en Julio de 1806 el virrey de Sobremonte, cuando huye&hellip;","builder_content":"","_links":{"self":[{"href":"http:\/\/tuportaldelujan.com.ar\/web30\/wp-json\/wp\/v2\/posts\/721","targetHints":{"allow":["GET"]}}],"collection":[{"href":"http:\/\/tuportaldelujan.com.ar\/web30\/wp-json\/wp\/v2\/posts"}],"about":[{"href":"http:\/\/tuportaldelujan.com.ar\/web30\/wp-json\/wp\/v2\/types\/post"}],"author":[{"embeddable":true,"href":"http:\/\/tuportaldelujan.com.ar\/web30\/wp-json\/wp\/v2\/users\/2"}],"replies":[{"embeddable":true,"href":"http:\/\/tuportaldelujan.com.ar\/web30\/wp-json\/wp\/v2\/comments?post=721"}],"version-history":[{"count":1,"href":"http:\/\/tuportaldelujan.com.ar\/web30\/wp-json\/wp\/v2\/posts\/721\/revisions"}],"predecessor-version":[{"id":723,"href":"http:\/\/tuportaldelujan.com.ar\/web30\/wp-json\/wp\/v2\/posts\/721\/revisions\/723"}],"wp:featuredmedia":[{"embeddable":true,"href":"http:\/\/tuportaldelujan.com.ar\/web30\/wp-json\/wp\/v2\/media\/722"}],"wp:attachment":[{"href":"http:\/\/tuportaldelujan.com.ar\/web30\/wp-json\/wp\/v2\/media?parent=721"}],"wp:term":[{"taxonomy":"category","embeddable":true,"href":"http:\/\/tuportaldelujan.com.ar\/web30\/wp-json\/wp\/v2\/categories?post=721"},{"taxonomy":"post_tag","embeddable":true,"href":"http:\/\/tuportaldelujan.com.ar\/web30\/wp-json\/wp\/v2\/tags?post=721"}],"curies":[{"name":"wp","href":"https:\/\/api.w.org\/{rel}","templated":true}]}}