{"id":718,"date":"2019-08-07T15:12:34","date_gmt":"2019-08-07T15:12:34","guid":{"rendered":"http:\/\/tuportaldelujan.com.ar\/web30\/?p=718"},"modified":"2019-08-07T15:12:34","modified_gmt":"2019-08-07T15:12:34","slug":"el-cabildo","status":"publish","type":"post","link":"http:\/\/tuportaldelujan.com.ar\/web30\/el-cabildo\/","title":{"rendered":"El Cabildo"},"content":{"rendered":"<p><span class=\"Estilo7\">En 1755 Luj\u00e1n era declarada Villa y en virtud de dicho t\u00edtulo, pasaba a poseer Regimiento, Justicia y tambi\u00e9n Cabildo, el \u00fanico de la campa\u00f1a bonaerense.<\/span><\/p>\n<figure id=\"attachment_719\" aria-describedby=\"caption-attachment-719\" style=\"width: 187px\" class=\"wp-caption alignright\"><a href=\"http:\/\/tuportaldelujan.com.ar\/web30\/wp-content\/uploads\/2019\/08\/ciudad-milagrosa-cabildo-historico-1-1.jpg\"><img loading=\"lazy\" decoding=\"async\" class=\"wp-image-719 size-full\" src=\"http:\/\/tuportaldelujan.com.ar\/web30\/wp-content\/uploads\/2019\/08\/ciudad-milagrosa-cabildo-historico-1-1.jpg\" alt=\"ciudad-milagrosa-cabildo-historico (1)\" width=\"187\" height=\"204\" \/><\/a><figcaption id=\"caption-attachment-719\" class=\"wp-caption-text\">El Cabildo Hist\u00f3rico<\/figcaption><\/figure>\n<p class=\"Estilo7\">Lezica y Torrezuri pidi\u00f3 la creaci\u00f3n del Cabildo de Luj\u00e1n en 1754 y en 1756 se aprueba oficializ\u00e1ndose la creaci\u00f3n en 1758. Llev\u00f3 muchos a\u00f1os levantar el edificio, y la finalizaci\u00f3n de la obra corri\u00f3 por cuenta del mismo Cabildo, con los ingresos que obten\u00eda por derecho del pontazgo y tambi\u00e9n con los recursos propios. Momento de su cese en 1821, por orden de Bern Rivadane.<\/p>\n<p class=\"Estilo7\">Desde 1758 hasta 1821 en el Cabildo estuvieron detenidos: los jefes ingleses Beresford y Pack. En 1814 fue confinado el General Belgrano y 4 a\u00f1os despu\u00e9s el Brigadier Saavedra. En 1810, el Cabildo de Luj\u00e1n y la Primera Junta de Gobierno, comunic\u00f3 a la junta su aprobaci\u00f3n y acatamiento.<\/p>\n<p class=\"Estilo7\">Desde 1835 hasta 1839 habit\u00f3 en esta casa el General Paz, y en 1874 la habitaron el General Mitre, los coroneles Ocampo, Machado y Gonz\u00e1lez. En 1918 fue restaurado por el arquitecto Noel, siendo interventor nacional Don Luis Cantilo, quien tambi\u00e9n inaugur\u00f3 el Museo, desempe\u00f1ando la gobernaci\u00f3n de la provincia de Bs. As. el 12 de octubre de 1923 y se design\u00f3 a Enrique Udaondo para que est\u00e9 al frente del museo.<\/p>\n<p class=\"Estilo7\">L\u00edmites que abarcaba la jurisdicci\u00f3n del Cabildo:<\/p>\n<ul>\n<li class=\"Estilo7\">Norte: Exaltaci\u00f3n de la Cruz, parte de Pilar.<\/li>\n<li class=\"Estilo7\">Nordeste: Parte de Pilar, r\u00edo de las Conchas (hoy r\u00edo Reconquista).<\/li>\n<li class=\"Estilo7\">Este: R\u00edo Reconquista.<\/li>\n<li class=\"Estilo7\">Sudoeste: Navarro.<\/li>\n<li class=\"Estilo7\">Oeste: Frontera con el Despoblado y Lo Indios.<\/li>\n<\/ul>\n","protected":false},"excerpt":{"rendered":"<p>En 1755 Luj\u00e1n era declarada Villa y en virtud de dicho t\u00edtulo, pasaba a poseer Regimiento, Justicia y tambi\u00e9n Cabildo, el \u00fanico de la campa\u00f1a bonaerense. Lezica y Torrezuri pidi\u00f3 la creaci\u00f3n del Cabildo de Luj\u00e1n en 1754 y en 1756 se aprueba oficializ\u00e1ndose la creaci\u00f3n en 1758. Llev\u00f3 muchos a\u00f1os levantar el edificio, y [&hellip;]<\/p>\n","protected":false},"author":2,"featured_media":719,"comment_status":"closed","ping_status":"closed","sticky":false,"template":"","format":"standard","meta":{"_uag_custom_page_level_css":"","site-sidebar-layout":"default","site-content-layout":"","ast-site-content-layout":"default","site-content-style":"default","site-sidebar-style":"default","ast-global-header-display":"","ast-banner-title-visibility":"","ast-main-header-display":"","ast-hfb-above-header-display":"","ast-hfb-below-header-display":"","ast-hfb-mobile-header-display":"","site-post-title":"","ast-breadcrumbs-content":"","ast-featured-img":"","footer-sml-layout":"","theme-transparent-header-meta":"","adv-header-id-meta":"","stick-header-meta":"","header-above-stick-meta":"","header-main-stick-meta":"","header-below-stick-meta":"","astra-migrate-meta-layouts":"default","ast-page-background-enabled":"default","ast-page-background-meta":{"desktop":{"background-color":"var(--ast-global-color-4)","background-image":"","background-repeat":"repeat","background-position":"center center","background-size":"auto","background-attachment":"scroll","background-type":"","background-media":"","overlay-type":"","overlay-color":"","overlay-opacity":"","overlay-gradient":""},"tablet":{"background-color":"","background-image":"","background-repeat":"repeat","background-position":"center center","background-size":"auto","background-attachment":"scroll","background-type":"","background-media":"","overlay-type":"","overlay-color":"","overlay-opacity":"","overlay-gradient":""},"mobile":{"background-color":"","background-image":"","background-repeat":"repeat","background-position":"center center","background-size":"auto","background-attachment":"scroll","background-type":"","background-media":"","overlay-type":"","overlay-color":"","overlay-opacity":"","overlay-gradient":""}},"ast-content-background-meta":{"desktop":{"background-color":"var(--ast-global-color-5)","background-image":"","background-repeat":"repeat","background-position":"center center","background-size":"auto","background-attachment":"scroll","background-type":"","background-media":"","overlay-type":"","overlay-color":"","overlay-opacity":"","overlay-gradient":""},"tablet":{"background-color":"var(--ast-global-color-5)","background-image":"","background-repeat":"repeat","background-position":"center center","background-size":"auto","background-attachment":"scroll","background-type":"","background-media":"","overlay-type":"","overlay-color":"","overlay-opacity":"","overlay-gradient":""},"mobile":{"background-color":"var(--ast-global-color-5)","background-image":"","background-repeat":"repeat","background-position":"center center","background-size":"auto","background-attachment":"scroll","background-type":"","background-media":"","overlay-type":"","overlay-color":"","overlay-opacity":"","overlay-gradient":""}},"footnotes":""},"categories":[78],"tags":[],"class_list":["post-718","post","type-post","status-publish","format-standard","has-post-thumbnail","hentry","category-patrimonios"],"uagb_featured_image_src":{"full":["http:\/\/tuportaldelujan.com.ar\/web30\/wp-content\/uploads\/2019\/08\/ciudad-milagrosa-cabildo-historico-1-1.jpg",187,204,false],"thumbnail":["http:\/\/tuportaldelujan.com.ar\/web30\/wp-content\/uploads\/2019\/08\/ciudad-milagrosa-cabildo-historico-1-1-150x150.jpg",150,150,true],"medium":["http:\/\/tuportaldelujan.com.ar\/web30\/wp-content\/uploads\/2019\/08\/ciudad-milagrosa-cabildo-historico-1-1.jpg",187,204,false],"medium_large":["http:\/\/tuportaldelujan.com.ar\/web30\/wp-content\/uploads\/2019\/08\/ciudad-milagrosa-cabildo-historico-1-1.jpg",187,204,false],"large":["http:\/\/tuportaldelujan.com.ar\/web30\/wp-content\/uploads\/2019\/08\/ciudad-milagrosa-cabildo-historico-1-1.jpg",187,204,false],"1536x1536":["http:\/\/tuportaldelujan.com.ar\/web30\/wp-content\/uploads\/2019\/08\/ciudad-milagrosa-cabildo-historico-1-1.jpg",187,204,false],"2048x2048":["http:\/\/tuportaldelujan.com.ar\/web30\/wp-content\/uploads\/2019\/08\/ciudad-milagrosa-cabildo-historico-1-1.jpg",187,204,false]},"uagb_author_info":{"display_name":"tuportal","author_link":"http:\/\/tuportaldelujan.com.ar\/web30\/author\/tuportal\/"},"uagb_comment_info":0,"uagb_excerpt":"En 1755 Luj\u00e1n era declarada Villa y en virtud de dicho t\u00edtulo, pasaba a poseer Regimiento, Justicia y tambi\u00e9n Cabildo, el \u00fanico de la campa\u00f1a bonaerense. Lezica y Torrezuri pidi\u00f3 la creaci\u00f3n del Cabildo de Luj\u00e1n en 1754 y en 1756 se aprueba oficializ\u00e1ndose la creaci\u00f3n en 1758. Llev\u00f3 muchos a\u00f1os levantar el edificio, y&hellip;","builder_content":"","_links":{"self":[{"href":"http:\/\/tuportaldelujan.com.ar\/web30\/wp-json\/wp\/v2\/posts\/718","targetHints":{"allow":["GET"]}}],"collection":[{"href":"http:\/\/tuportaldelujan.com.ar\/web30\/wp-json\/wp\/v2\/posts"}],"about":[{"href":"http:\/\/tuportaldelujan.com.ar\/web30\/wp-json\/wp\/v2\/types\/post"}],"author":[{"embeddable":true,"href":"http:\/\/tuportaldelujan.com.ar\/web30\/wp-json\/wp\/v2\/users\/2"}],"replies":[{"embeddable":true,"href":"http:\/\/tuportaldelujan.com.ar\/web30\/wp-json\/wp\/v2\/comments?post=718"}],"version-history":[{"count":1,"href":"http:\/\/tuportaldelujan.com.ar\/web30\/wp-json\/wp\/v2\/posts\/718\/revisions"}],"predecessor-version":[{"id":720,"href":"http:\/\/tuportaldelujan.com.ar\/web30\/wp-json\/wp\/v2\/posts\/718\/revisions\/720"}],"wp:featuredmedia":[{"embeddable":true,"href":"http:\/\/tuportaldelujan.com.ar\/web30\/wp-json\/wp\/v2\/media\/719"}],"wp:attachment":[{"href":"http:\/\/tuportaldelujan.com.ar\/web30\/wp-json\/wp\/v2\/media?parent=718"}],"wp:term":[{"taxonomy":"category","embeddable":true,"href":"http:\/\/tuportaldelujan.com.ar\/web30\/wp-json\/wp\/v2\/categories?post=718"},{"taxonomy":"post_tag","embeddable":true,"href":"http:\/\/tuportaldelujan.com.ar\/web30\/wp-json\/wp\/v2\/tags?post=718"}],"curies":[{"name":"wp","href":"https:\/\/api.w.org\/{rel}","templated":true}]}}