{"id":702,"date":"2019-08-07T14:44:17","date_gmt":"2019-08-07T14:44:17","guid":{"rendered":"http:\/\/tuportaldelujan.com.ar\/web30\/?p=702"},"modified":"2019-08-07T14:44:17","modified_gmt":"2019-08-07T14:44:17","slug":"resena-de-la-cripta","status":"publish","type":"post","link":"http:\/\/tuportaldelujan.com.ar\/web30\/resena-de-la-cripta\/","title":{"rendered":"Rese\u00f1a de la Cripta"},"content":{"rendered":"<p class=\"Estilo5\">En mayo de 1890, el Padre Salvaire luego de elegir el estilo g\u00f3tico y el plan de general de la obra, emprendi\u00f3 la gigantesca construcci\u00f3n que se dio a llamar \u201cLa Bas\u00edlica Nacional\u201d.Creador, iniciador, propulsor, el Padre Salvaire, hombre de genio y de visi\u00f3n, fue su alma y motor. Arquitecto por inspiraci\u00f3n y preparaci\u00f3n personal asoci\u00f3 a s\u00ed a otros arquitectos, Benoit, Courtois, Moreaux, etc.<\/p>\n<figure id=\"attachment_703\" aria-describedby=\"caption-attachment-703\" style=\"width: 192px\" class=\"wp-caption alignright\"><a href=\"http:\/\/tuportaldelujan.com.ar\/web30\/wp-content\/uploads\/2019\/08\/ciudad-milagrosa-cripta-vieja.jpg\"><img loading=\"lazy\" decoding=\"async\" class=\"wp-image-703 size-full\" src=\"http:\/\/tuportaldelujan.com.ar\/web30\/wp-content\/uploads\/2019\/08\/ciudad-milagrosa-cripta-vieja.jpg\" alt=\"ciudad-milagrosa-cripta-vieja\" width=\"192\" height=\"148\" \/><\/a><figcaption id=\"caption-attachment-703\" class=\"wp-caption-text\">Antigua Cripta de la Bas\u00edlica<\/figcaption><\/figure>\n<p class=\"Estilo5\">La excavaci\u00f3n para los cimientos de la bas\u00edlica no fue exclusiva, sino que desde el principio, en la mente de Salvaire, el espacio excavado se destin\u00f3 a ser cripta, varias criptas, eso es, al hipogeo o lugar subterr\u00e1neo para la celebraci\u00f3n del culto divino, especialmente mariano. Salvaire aspiraba a que en esta se celebran los bautismos, misas, etc. para los fieles de Luj\u00e1n, mientras que en la iglesia superior oraban y cantaban los peregrinos.<\/p>\n<p class=\"Estilo5\">Despu\u00e9s de la muerte de Salvaire (1899), muy poco se hablaba de la Cripta. Y, a la verdad, no result\u00f3 f\u00e1cil conservarla, porque la atenci\u00f3n y las expensas eran exigidas por los interrumpidos trabajos de los muros de la Bas\u00edlica. Cabe destacar tambi\u00e9n que el enemigo principal de la Cripta fueron las inundaciones.<\/p>\n<p class=\"Estilo5\">Se sabe que hubo inundaciones muy grandes en las primeras d\u00e9cadas del siglo XX y los perjuicios de cada una de ellas, por la tardanza en secarse, fueron inmensos. Esto explica en parte el abandono en que fue quedando a lo largo de los curatos de los Padres D\u00e1vini, Gimalac, Prat.<\/p>\n<p class=\"Estilo5\">Reci\u00e9n alrededor de 1950, enfoc\u00f3 nuevamente la utilizaci\u00f3n de la Cripta. Esta vez como \u201cEL TEMPLO DE AM\u00c9RICA\u201d para recibir en sus capillas a las im\u00e1genes de la Virgen Mar\u00eda m\u00e1s populares de cada naci\u00f3n de Am\u00e9rica. Mons. Seraf\u00edn y el Padre Landaburu fueron dos entusiastas propulsores. El trabajo fue lento, porque el espacio era muy grande y los destalles, m\u00faltiples pero sobre todo debido a los contratiempos que surgieron.<\/p>\n<p class=\"Estilo5\">En efecto, en octubre de 1967 ocurri\u00f3 una imponente inundaci\u00f3n, y en 1969, manos an\u00f3nimas incendiaron un dep\u00f3sito de velas que afect\u00f3 totalmente la obra realizada. Reci\u00e9n el curato del P. Carli, desde 1977, se trabaj\u00f3 en forma continuada y persistente. As\u00ed se lleg\u00f3 a 1980, a\u00f1o especial\u00edsimo de la Virgen de Luj\u00e1n; y, aunque faltasen etapas para construirlas (las im\u00e1genes de Am\u00e9rica Central) en vista del a\u00f1o Mariano Nacional 80 y particularmente de los 350 a\u00f1os del \u201cMILAGRO DE LAJ\u00c1N\u201d el rector de la Bas\u00edlica, Padre Carli juntamente con el Se\u00f1or Obispo Diocesano, Mons. Luis Tom\u00e9, se\u00f1alaron el s\u00e1bado 6 de diciembre de 1980 como fecha clave para la inauguraci\u00f3n y bendici\u00f3n de la tan so\u00f1ada Cripta.<\/p>\n<p class=\"Estilo5\"><strong>Im\u00e1genes de Virgenes<\/strong><\/p>\n<table border=\"0\" width=\"100%\" cellspacing=\"0\" cellpadding=\"0\">\n<tbody>\n<tr>\n<td>\n<table border=\"0\" width=\"100%\" cellspacing=\"0\" cellpadding=\"0\">\n<tbody>\n<tr>\n<td scope=\"col\" valign=\"top\">A partir de 1992 comenzaron a llegar a la Cripta de la Bas\u00edlica im\u00e1genes de Mar\u00eda veneradas en distintos pa\u00edses del mundo, principalmente de Europa.<\/p>\n<ul>\n<li><a href=\"http:\/\/www.tuportaldelujan.com.ar\/imagenes-milagrosas-argentinas.html\">\u00b7Im\u00e1genes Argentinas<\/a><\/li>\n<li><a href=\"http:\/\/www.tuportaldelujan.com.ar\/imagenes-milagrosas-americanas.html\">\u00b7Im\u00e1genes Americanas<\/a><\/li>\n<li>\u00b7<a href=\"http:\/\/www.tuportaldelujan.com.ar\/imagenes-milagrosas-europeas.html\">Im\u00e1genes Europeas<\/a><\/li>\n<li class=\"Estilo4\">\u00b7Im\u00e1genes Asi\u00e1ticas<\/li>\n<\/ul>\n<\/td>\n<\/tr>\n<\/tbody>\n<\/table>\n<\/td>\n<\/tr>\n<\/tbody>\n<\/table>\n<p class=\"Estilo5\">\n","protected":false},"excerpt":{"rendered":"<p>En mayo de 1890, el Padre Salvaire luego de elegir el estilo g\u00f3tico y el plan de general de la obra, emprendi\u00f3 la gigantesca construcci\u00f3n que se dio a llamar \u201cLa Bas\u00edlica Nacional\u201d.Creador, iniciador, propulsor, el Padre Salvaire, hombre de genio y de visi\u00f3n, fue su alma y motor. Arquitecto por inspiraci\u00f3n y preparaci\u00f3n personal [&hellip;]<\/p>\n","protected":false},"author":2,"featured_media":703,"comment_status":"closed","ping_status":"closed","sticky":false,"template":"","format":"standard","meta":{"_uag_custom_page_level_css":"","site-sidebar-layout":"default","site-content-layout":"","ast-site-content-layout":"default","site-content-style":"default","site-sidebar-style":"default","ast-global-header-display":"","ast-banner-title-visibility":"","ast-main-header-display":"","ast-hfb-above-header-display":"","ast-hfb-below-header-display":"","ast-hfb-mobile-header-display":"","site-post-title":"","ast-breadcrumbs-content":"","ast-featured-img":"","footer-sml-layout":"","theme-transparent-header-meta":"","adv-header-id-meta":"","stick-header-meta":"","header-above-stick-meta":"","header-main-stick-meta":"","header-below-stick-meta":"","astra-migrate-meta-layouts":"default","ast-page-background-enabled":"default","ast-page-background-meta":{"desktop":{"background-color":"var(--ast-global-color-4)","background-image":"","background-repeat":"repeat","background-position":"center center","background-size":"auto","background-attachment":"scroll","background-type":"","background-media":"","overlay-type":"","overlay-color":"","overlay-opacity":"","overlay-gradient":""},"tablet":{"background-color":"","background-image":"","background-repeat":"repeat","background-position":"center center","background-size":"auto","background-attachment":"scroll","background-type":"","background-media":"","overlay-type":"","overlay-color":"","overlay-opacity":"","overlay-gradient":""},"mobile":{"background-color":"","background-image":"","background-repeat":"repeat","background-position":"center center","background-size":"auto","background-attachment":"scroll","background-type":"","background-media":"","overlay-type":"","overlay-color":"","overlay-opacity":"","overlay-gradient":""}},"ast-content-background-meta":{"desktop":{"background-color":"var(--ast-global-color-5)","background-image":"","background-repeat":"repeat","background-position":"center center","background-size":"auto","background-attachment":"scroll","background-type":"","background-media":"","overlay-type":"","overlay-color":"","overlay-opacity":"","overlay-gradient":""},"tablet":{"background-color":"var(--ast-global-color-5)","background-image":"","background-repeat":"repeat","background-position":"center center","background-size":"auto","background-attachment":"scroll","background-type":"","background-media":"","overlay-type":"","overlay-color":"","overlay-opacity":"","overlay-gradient":""},"mobile":{"background-color":"var(--ast-global-color-5)","background-image":"","background-repeat":"repeat","background-position":"center center","background-size":"auto","background-attachment":"scroll","background-type":"","background-media":"","overlay-type":"","overlay-color":"","overlay-opacity":"","overlay-gradient":""}},"footnotes":""},"categories":[77],"tags":[],"class_list":["post-702","post","type-post","status-publish","format-standard","has-post-thumbnail","hentry","category-la-cripta"],"uagb_featured_image_src":{"full":["http:\/\/tuportaldelujan.com.ar\/web30\/wp-content\/uploads\/2019\/08\/ciudad-milagrosa-cripta-vieja.jpg",192,148,false],"thumbnail":["http:\/\/tuportaldelujan.com.ar\/web30\/wp-content\/uploads\/2019\/08\/ciudad-milagrosa-cripta-vieja-150x148.jpg",150,148,true],"medium":["http:\/\/tuportaldelujan.com.ar\/web30\/wp-content\/uploads\/2019\/08\/ciudad-milagrosa-cripta-vieja.jpg",192,148,false],"medium_large":["http:\/\/tuportaldelujan.com.ar\/web30\/wp-content\/uploads\/2019\/08\/ciudad-milagrosa-cripta-vieja.jpg",192,148,false],"large":["http:\/\/tuportaldelujan.com.ar\/web30\/wp-content\/uploads\/2019\/08\/ciudad-milagrosa-cripta-vieja.jpg",192,148,false],"1536x1536":["http:\/\/tuportaldelujan.com.ar\/web30\/wp-content\/uploads\/2019\/08\/ciudad-milagrosa-cripta-vieja.jpg",192,148,false],"2048x2048":["http:\/\/tuportaldelujan.com.ar\/web30\/wp-content\/uploads\/2019\/08\/ciudad-milagrosa-cripta-vieja.jpg",192,148,false]},"uagb_author_info":{"display_name":"tuportal","author_link":"http:\/\/tuportaldelujan.com.ar\/web30\/author\/tuportal\/"},"uagb_comment_info":0,"uagb_excerpt":"En mayo de 1890, el Padre Salvaire luego de elegir el estilo g\u00f3tico y el plan de general de la obra, emprendi\u00f3 la gigantesca construcci\u00f3n que se dio a llamar \u201cLa Bas\u00edlica Nacional\u201d.Creador, iniciador, propulsor, el Padre Salvaire, hombre de genio y de visi\u00f3n, fue su alma y motor. Arquitecto por inspiraci\u00f3n y preparaci\u00f3n personal&hellip;","builder_content":"","_links":{"self":[{"href":"http:\/\/tuportaldelujan.com.ar\/web30\/wp-json\/wp\/v2\/posts\/702","targetHints":{"allow":["GET"]}}],"collection":[{"href":"http:\/\/tuportaldelujan.com.ar\/web30\/wp-json\/wp\/v2\/posts"}],"about":[{"href":"http:\/\/tuportaldelujan.com.ar\/web30\/wp-json\/wp\/v2\/types\/post"}],"author":[{"embeddable":true,"href":"http:\/\/tuportaldelujan.com.ar\/web30\/wp-json\/wp\/v2\/users\/2"}],"replies":[{"embeddable":true,"href":"http:\/\/tuportaldelujan.com.ar\/web30\/wp-json\/wp\/v2\/comments?post=702"}],"version-history":[{"count":1,"href":"http:\/\/tuportaldelujan.com.ar\/web30\/wp-json\/wp\/v2\/posts\/702\/revisions"}],"predecessor-version":[{"id":704,"href":"http:\/\/tuportaldelujan.com.ar\/web30\/wp-json\/wp\/v2\/posts\/702\/revisions\/704"}],"wp:featuredmedia":[{"embeddable":true,"href":"http:\/\/tuportaldelujan.com.ar\/web30\/wp-json\/wp\/v2\/media\/703"}],"wp:attachment":[{"href":"http:\/\/tuportaldelujan.com.ar\/web30\/wp-json\/wp\/v2\/media?parent=702"}],"wp:term":[{"taxonomy":"category","embeddable":true,"href":"http:\/\/tuportaldelujan.com.ar\/web30\/wp-json\/wp\/v2\/categories?post=702"},{"taxonomy":"post_tag","embeddable":true,"href":"http:\/\/tuportaldelujan.com.ar\/web30\/wp-json\/wp\/v2\/tags?post=702"}],"curies":[{"name":"wp","href":"https:\/\/api.w.org\/{rel}","templated":true}]}}