{"id":698,"date":"2019-08-07T14:31:55","date_gmt":"2019-08-07T14:31:55","guid":{"rendered":"http:\/\/tuportaldelujan.com.ar\/web30\/?p=698"},"modified":"2019-08-07T14:31:55","modified_gmt":"2019-08-07T14:31:55","slug":"la-cripta-de-la-basilica-de-lujan","status":"publish","type":"post","link":"http:\/\/tuportaldelujan.com.ar\/web30\/la-cripta-de-la-basilica-de-lujan\/","title":{"rendered":"La Cripta de la Bas\u00edlica de Luj\u00e1n"},"content":{"rendered":"<figure id=\"attachment_699\" aria-describedby=\"caption-attachment-699\" style=\"width: 192px\" class=\"wp-caption alignright\"><a href=\"http:\/\/tuportaldelujan.com.ar\/web30\/wp-content\/uploads\/2019\/08\/ciudad-milagrosa-cripta.jpg\"><img loading=\"lazy\" decoding=\"async\" class=\"wp-image-699 size-full\" src=\"http:\/\/tuportaldelujan.com.ar\/web30\/wp-content\/uploads\/2019\/08\/ciudad-milagrosa-cripta.jpg\" alt=\"ciudad-milagrosa-cripta\" width=\"192\" height=\"147\" \/><\/a><figcaption id=\"caption-attachment-699\" class=\"wp-caption-text\">Cripta de la Bas\u00edlica<\/figcaption><\/figure>\n<p>En el subsuelo de la Bas\u00edlica se encuentra el gran bapisterio. All\u00ed, domingo tras domingo son bautizados todos\u00a0 los que solicitan ser incorporados a nuestra Iglesia. Como Centro Mariano Internacional, encuentre las art\u00edsticas e\u00a0 imponentes arcas y columnas que articulan la gran Cripta, numerosas capillas subterr\u00e1neas albergan la imagen de Mar\u00eda m\u00e1s hist\u00f3rica y venerada de las naciones y regiones. Aqu\u00ed podr\u00e1n conocer algunas de esas deslumbrantes im\u00e1genes.<\/p>\n","protected":false},"excerpt":{"rendered":"<p>En el subsuelo de la Bas\u00edlica se encuentra el gran bapisterio. All\u00ed, domingo tras domingo son bautizados todos\u00a0 los que solicitan ser incorporados a nuestra Iglesia. Como Centro Mariano Internacional, encuentre las art\u00edsticas e\u00a0 imponentes arcas y columnas que articulan la gran Cripta, numerosas capillas subterr\u00e1neas albergan la imagen de Mar\u00eda m\u00e1s hist\u00f3rica y venerada [&hellip;]<\/p>\n","protected":false},"author":2,"featured_media":699,"comment_status":"closed","ping_status":"closed","sticky":false,"template":"","format":"standard","meta":{"_uag_custom_page_level_css":"","site-sidebar-layout":"default","site-content-layout":"","ast-site-content-layout":"default","site-content-style":"default","site-sidebar-style":"default","ast-global-header-display":"","ast-banner-title-visibility":"","ast-main-header-display":"","ast-hfb-above-header-display":"","ast-hfb-below-header-display":"","ast-hfb-mobile-header-display":"","site-post-title":"","ast-breadcrumbs-content":"","ast-featured-img":"","footer-sml-layout":"","theme-transparent-header-meta":"","adv-header-id-meta":"","stick-header-meta":"","header-above-stick-meta":"","header-main-stick-meta":"","header-below-stick-meta":"","astra-migrate-meta-layouts":"default","ast-page-background-enabled":"default","ast-page-background-meta":{"desktop":{"background-color":"var(--ast-global-color-4)","background-image":"","background-repeat":"repeat","background-position":"center center","background-size":"auto","background-attachment":"scroll","background-type":"","background-media":"","overlay-type":"","overlay-color":"","overlay-opacity":"","overlay-gradient":""},"tablet":{"background-color":"","background-image":"","background-repeat":"repeat","background-position":"center center","background-size":"auto","background-attachment":"scroll","background-type":"","background-media":"","overlay-type":"","overlay-color":"","overlay-opacity":"","overlay-gradient":""},"mobile":{"background-color":"","background-image":"","background-repeat":"repeat","background-position":"center center","background-size":"auto","background-attachment":"scroll","background-type":"","background-media":"","overlay-type":"","overlay-color":"","overlay-opacity":"","overlay-gradient":""}},"ast-content-background-meta":{"desktop":{"background-color":"var(--ast-global-color-5)","background-image":"","background-repeat":"repeat","background-position":"center center","background-size":"auto","background-attachment":"scroll","background-type":"","background-media":"","overlay-type":"","overlay-color":"","overlay-opacity":"","overlay-gradient":""},"tablet":{"background-color":"var(--ast-global-color-5)","background-image":"","background-repeat":"repeat","background-position":"center center","background-size":"auto","background-attachment":"scroll","background-type":"","background-media":"","overlay-type":"","overlay-color":"","overlay-opacity":"","overlay-gradient":""},"mobile":{"background-color":"var(--ast-global-color-5)","background-image":"","background-repeat":"repeat","background-position":"center center","background-size":"auto","background-attachment":"scroll","background-type":"","background-media":"","overlay-type":"","overlay-color":"","overlay-opacity":"","overlay-gradient":""}},"footnotes":""},"categories":[77],"tags":[],"class_list":["post-698","post","type-post","status-publish","format-standard","has-post-thumbnail","hentry","category-la-cripta"],"uagb_featured_image_src":{"full":["http:\/\/tuportaldelujan.com.ar\/web30\/wp-content\/uploads\/2019\/08\/ciudad-milagrosa-cripta.jpg",192,147,false],"thumbnail":["http:\/\/tuportaldelujan.com.ar\/web30\/wp-content\/uploads\/2019\/08\/ciudad-milagrosa-cripta-150x147.jpg",150,147,true],"medium":["http:\/\/tuportaldelujan.com.ar\/web30\/wp-content\/uploads\/2019\/08\/ciudad-milagrosa-cripta.jpg",192,147,false],"medium_large":["http:\/\/tuportaldelujan.com.ar\/web30\/wp-content\/uploads\/2019\/08\/ciudad-milagrosa-cripta.jpg",192,147,false],"large":["http:\/\/tuportaldelujan.com.ar\/web30\/wp-content\/uploads\/2019\/08\/ciudad-milagrosa-cripta.jpg",192,147,false],"1536x1536":["http:\/\/tuportaldelujan.com.ar\/web30\/wp-content\/uploads\/2019\/08\/ciudad-milagrosa-cripta.jpg",192,147,false],"2048x2048":["http:\/\/tuportaldelujan.com.ar\/web30\/wp-content\/uploads\/2019\/08\/ciudad-milagrosa-cripta.jpg",192,147,false]},"uagb_author_info":{"display_name":"tuportal","author_link":"http:\/\/tuportaldelujan.com.ar\/web30\/author\/tuportal\/"},"uagb_comment_info":0,"uagb_excerpt":"En el subsuelo de la Bas\u00edlica se encuentra el gran bapisterio. All\u00ed, domingo tras domingo son bautizados todos\u00a0 los que solicitan ser incorporados a nuestra Iglesia. Como Centro Mariano Internacional, encuentre las art\u00edsticas e\u00a0 imponentes arcas y columnas que articulan la gran Cripta, numerosas capillas subterr\u00e1neas albergan la imagen de Mar\u00eda m\u00e1s hist\u00f3rica y venerada&hellip;","builder_content":"","_links":{"self":[{"href":"http:\/\/tuportaldelujan.com.ar\/web30\/wp-json\/wp\/v2\/posts\/698","targetHints":{"allow":["GET"]}}],"collection":[{"href":"http:\/\/tuportaldelujan.com.ar\/web30\/wp-json\/wp\/v2\/posts"}],"about":[{"href":"http:\/\/tuportaldelujan.com.ar\/web30\/wp-json\/wp\/v2\/types\/post"}],"author":[{"embeddable":true,"href":"http:\/\/tuportaldelujan.com.ar\/web30\/wp-json\/wp\/v2\/users\/2"}],"replies":[{"embeddable":true,"href":"http:\/\/tuportaldelujan.com.ar\/web30\/wp-json\/wp\/v2\/comments?post=698"}],"version-history":[{"count":1,"href":"http:\/\/tuportaldelujan.com.ar\/web30\/wp-json\/wp\/v2\/posts\/698\/revisions"}],"predecessor-version":[{"id":700,"href":"http:\/\/tuportaldelujan.com.ar\/web30\/wp-json\/wp\/v2\/posts\/698\/revisions\/700"}],"wp:featuredmedia":[{"embeddable":true,"href":"http:\/\/tuportaldelujan.com.ar\/web30\/wp-json\/wp\/v2\/media\/699"}],"wp:attachment":[{"href":"http:\/\/tuportaldelujan.com.ar\/web30\/wp-json\/wp\/v2\/media?parent=698"}],"wp:term":[{"taxonomy":"category","embeddable":true,"href":"http:\/\/tuportaldelujan.com.ar\/web30\/wp-json\/wp\/v2\/categories?post=698"},{"taxonomy":"post_tag","embeddable":true,"href":"http:\/\/tuportaldelujan.com.ar\/web30\/wp-json\/wp\/v2\/tags?post=698"}],"curies":[{"name":"wp","href":"https:\/\/api.w.org\/{rel}","templated":true}]}}