{"id":659,"date":"2019-08-07T13:50:43","date_gmt":"2019-08-07T13:50:43","guid":{"rendered":"http:\/\/tuportaldelujan.com.ar\/web30\/?p=659"},"modified":"2019-08-07T13:57:26","modified_gmt":"2019-08-07T13:57:26","slug":"el-ultimo-gran-difusor","status":"publish","type":"post","link":"http:\/\/tuportaldelujan.com.ar\/web30\/el-ultimo-gran-difusor\/","title":{"rendered":"El \u00faltimo gran Difusor"},"content":{"rendered":"<p><span class=\"Estilo6\">Sin lugar a dudas fue el padre Jorge Mar\u00eda Salavaire el \u00faltimo gran difusor del culto de Mar\u00eda de Luj\u00e1n, digno disc\u00edpulo del negro Manuel Salvaire, salvado milagrosamente de una muerte segura en manos de los indios, dedica su vida a la Virgen de Luj\u00e1n.<\/span><\/p>\n<figure id=\"attachment_660\" aria-describedby=\"caption-attachment-660\" style=\"width: 176px\" class=\"wp-caption alignright\"><a href=\"http:\/\/tuportaldelujan.com.ar\/web30\/wp-content\/uploads\/2019\/08\/ciudad-milagrosa-padre-salvaire.jpg\"><img loading=\"lazy\" decoding=\"async\" class=\"wp-image-660 size-full\" src=\"http:\/\/tuportaldelujan.com.ar\/web30\/wp-content\/uploads\/2019\/08\/ciudad-milagrosa-padre-salvaire.jpg\" alt=\"ciudad-milagrosa-padre-salvaire\" width=\"176\" height=\"229\" \/><\/a><figcaption id=\"caption-attachment-660\" class=\"wp-caption-text\">Padre Jorge Mar\u00eda Salvaire<\/figcaption><\/figure>\n<p class=\"Estilo6\">Este sacerdote de origen franc\u00e9s hab\u00eda llegado a Luj\u00e1n el 2 de febrero de 1872 junto con otros sacerdotes lazaristas que por disposici\u00f3n del Arzobispo de Buenos Aires Monse\u00f1or Federico Arneiros se har\u00edan cargo del Santuario.<\/p>\n<p class=\"Estilo6\">El padre Salvaire no solamente escribir\u00eda la historia de la Virgen, obra monumental de la historiograf\u00eda lujanense, sino que lograr\u00eda en el a\u00f1o 1886 que el Papa Le\u00f3n XIII bendiga la corona confeccionada con el oro y las piedras preciosas donadas por las damas argentinas y que desde el 8 de mayo de 1887 descansa en la cabeza de Mar\u00eda de Luj\u00e1n.<\/p>\n<p class=\"Estilo6\">Pero la historia de la Virgen y su coronaci\u00f3n no fueron suficientes para Salvaire t as\u00ed el 15 de mayo de 1887 se coloca la piedra fundamental de la Bas\u00edlica que Salvaire prometi\u00f3 a la Virgen. Las obras de la Bas\u00edlica comienzan el\u00a0 6 de mayo de 1890<\/p>\n<p class=\"Estilo6\">El 4 de febrero de 1899 el padre Salvaire fallece en Luj\u00e1n siendo sepultado en el santuario. La Bas\u00edlica de Luj\u00e1n, \u00abestuche digno de guardar la joya ten preciada\u00bb fue inaugurada en 1936.<\/p>\n","protected":false},"excerpt":{"rendered":"<p>Sin lugar a dudas fue el padre Jorge Mar\u00eda Salavaire el \u00faltimo gran difusor del culto de Mar\u00eda de Luj\u00e1n, digno disc\u00edpulo del negro Manuel Salvaire, salvado milagrosamente de una muerte segura en manos de los indios, dedica su vida a la Virgen de Luj\u00e1n. Este sacerdote de origen franc\u00e9s hab\u00eda llegado a Luj\u00e1n el [&hellip;]<\/p>\n","protected":false},"author":2,"featured_media":660,"comment_status":"closed","ping_status":"closed","sticky":false,"template":"","format":"standard","meta":{"_uag_custom_page_level_css":"","site-sidebar-layout":"default","site-content-layout":"","ast-site-content-layout":"default","site-content-style":"default","site-sidebar-style":"default","ast-global-header-display":"","ast-banner-title-visibility":"","ast-main-header-display":"","ast-hfb-above-header-display":"","ast-hfb-below-header-display":"","ast-hfb-mobile-header-display":"","site-post-title":"","ast-breadcrumbs-content":"","ast-featured-img":"","footer-sml-layout":"","theme-transparent-header-meta":"","adv-header-id-meta":"","stick-header-meta":"","header-above-stick-meta":"","header-main-stick-meta":"","header-below-stick-meta":"","astra-migrate-meta-layouts":"default","ast-page-background-enabled":"default","ast-page-background-meta":{"desktop":{"background-color":"var(--ast-global-color-4)","background-image":"","background-repeat":"repeat","background-position":"center center","background-size":"auto","background-attachment":"scroll","background-type":"","background-media":"","overlay-type":"","overlay-color":"","overlay-opacity":"","overlay-gradient":""},"tablet":{"background-color":"","background-image":"","background-repeat":"repeat","background-position":"center center","background-size":"auto","background-attachment":"scroll","background-type":"","background-media":"","overlay-type":"","overlay-color":"","overlay-opacity":"","overlay-gradient":""},"mobile":{"background-color":"","background-image":"","background-repeat":"repeat","background-position":"center center","background-size":"auto","background-attachment":"scroll","background-type":"","background-media":"","overlay-type":"","overlay-color":"","overlay-opacity":"","overlay-gradient":""}},"ast-content-background-meta":{"desktop":{"background-color":"var(--ast-global-color-5)","background-image":"","background-repeat":"repeat","background-position":"center center","background-size":"auto","background-attachment":"scroll","background-type":"","background-media":"","overlay-type":"","overlay-color":"","overlay-opacity":"","overlay-gradient":""},"tablet":{"background-color":"var(--ast-global-color-5)","background-image":"","background-repeat":"repeat","background-position":"center center","background-size":"auto","background-attachment":"scroll","background-type":"","background-media":"","overlay-type":"","overlay-color":"","overlay-opacity":"","overlay-gradient":""},"mobile":{"background-color":"var(--ast-global-color-5)","background-image":"","background-repeat":"repeat","background-position":"center center","background-size":"auto","background-attachment":"scroll","background-type":"","background-media":"","overlay-type":"","overlay-color":"","overlay-opacity":"","overlay-gradient":""}},"footnotes":""},"categories":[1,72],"tags":[],"class_list":["post-659","post","type-post","status-publish","format-standard","has-post-thumbnail","hentry","category-destacado","category-resena-historica-de-lujan"],"uagb_featured_image_src":{"full":["http:\/\/tuportaldelujan.com.ar\/web30\/wp-content\/uploads\/2019\/08\/ciudad-milagrosa-padre-salvaire.jpg",176,229,false],"thumbnail":["http:\/\/tuportaldelujan.com.ar\/web30\/wp-content\/uploads\/2019\/08\/ciudad-milagrosa-padre-salvaire-150x150.jpg",150,150,true],"medium":["http:\/\/tuportaldelujan.com.ar\/web30\/wp-content\/uploads\/2019\/08\/ciudad-milagrosa-padre-salvaire.jpg",176,229,false],"medium_large":["http:\/\/tuportaldelujan.com.ar\/web30\/wp-content\/uploads\/2019\/08\/ciudad-milagrosa-padre-salvaire.jpg",176,229,false],"large":["http:\/\/tuportaldelujan.com.ar\/web30\/wp-content\/uploads\/2019\/08\/ciudad-milagrosa-padre-salvaire.jpg",176,229,false],"1536x1536":["http:\/\/tuportaldelujan.com.ar\/web30\/wp-content\/uploads\/2019\/08\/ciudad-milagrosa-padre-salvaire.jpg",176,229,false],"2048x2048":["http:\/\/tuportaldelujan.com.ar\/web30\/wp-content\/uploads\/2019\/08\/ciudad-milagrosa-padre-salvaire.jpg",176,229,false]},"uagb_author_info":{"display_name":"tuportal","author_link":"http:\/\/tuportaldelujan.com.ar\/web30\/author\/tuportal\/"},"uagb_comment_info":0,"uagb_excerpt":"Sin lugar a dudas fue el padre Jorge Mar\u00eda Salavaire el \u00faltimo gran difusor del culto de Mar\u00eda de Luj\u00e1n, digno disc\u00edpulo del negro Manuel Salvaire, salvado milagrosamente de una muerte segura en manos de los indios, dedica su vida a la Virgen de Luj\u00e1n. Este sacerdote de origen franc\u00e9s hab\u00eda llegado a Luj\u00e1n el&hellip;","builder_content":"","_links":{"self":[{"href":"http:\/\/tuportaldelujan.com.ar\/web30\/wp-json\/wp\/v2\/posts\/659","targetHints":{"allow":["GET"]}}],"collection":[{"href":"http:\/\/tuportaldelujan.com.ar\/web30\/wp-json\/wp\/v2\/posts"}],"about":[{"href":"http:\/\/tuportaldelujan.com.ar\/web30\/wp-json\/wp\/v2\/types\/post"}],"author":[{"embeddable":true,"href":"http:\/\/tuportaldelujan.com.ar\/web30\/wp-json\/wp\/v2\/users\/2"}],"replies":[{"embeddable":true,"href":"http:\/\/tuportaldelujan.com.ar\/web30\/wp-json\/wp\/v2\/comments?post=659"}],"version-history":[{"count":1,"href":"http:\/\/tuportaldelujan.com.ar\/web30\/wp-json\/wp\/v2\/posts\/659\/revisions"}],"predecessor-version":[{"id":661,"href":"http:\/\/tuportaldelujan.com.ar\/web30\/wp-json\/wp\/v2\/posts\/659\/revisions\/661"}],"wp:featuredmedia":[{"embeddable":true,"href":"http:\/\/tuportaldelujan.com.ar\/web30\/wp-json\/wp\/v2\/media\/660"}],"wp:attachment":[{"href":"http:\/\/tuportaldelujan.com.ar\/web30\/wp-json\/wp\/v2\/media?parent=659"}],"wp:term":[{"taxonomy":"category","embeddable":true,"href":"http:\/\/tuportaldelujan.com.ar\/web30\/wp-json\/wp\/v2\/categories?post=659"},{"taxonomy":"post_tag","embeddable":true,"href":"http:\/\/tuportaldelujan.com.ar\/web30\/wp-json\/wp\/v2\/tags?post=659"}],"curies":[{"name":"wp","href":"https:\/\/api.w.org\/{rel}","templated":true}]}}