{"id":650,"date":"2019-08-07T13:41:38","date_gmt":"2019-08-07T13:41:38","guid":{"rendered":"http:\/\/tuportaldelujan.com.ar\/web30\/?p=650"},"modified":"2019-08-07T14:00:24","modified_gmt":"2019-08-07T14:00:24","slug":"el-nuevo-santuario","status":"publish","type":"post","link":"http:\/\/tuportaldelujan.com.ar\/web30\/el-nuevo-santuario\/","title":{"rendered":"El Nuevo Santuario"},"content":{"rendered":"<figure id=\"attachment_651\" aria-describedby=\"caption-attachment-651\" style=\"width: 182px\" class=\"wp-caption alignright\"><a href=\"http:\/\/tuportaldelujan.com.ar\/web30\/wp-content\/uploads\/2019\/08\/ciudad-milagrosa-templo-lezica-torrezuri.jpg\"><img loading=\"lazy\" decoding=\"async\" class=\"wp-image-651 size-full\" src=\"http:\/\/tuportaldelujan.com.ar\/web30\/wp-content\/uploads\/2019\/08\/ciudad-milagrosa-templo-lezica-torrezuri.jpg\" alt=\"ciudad-milagrosa-templo-lezica-torrezuri\" width=\"182\" height=\"242\" \/><\/a><figcaption id=\"caption-attachment-651\" class=\"wp-caption-text\">Templo de Lezica y Torrezuri<\/figcaption><\/figure>\n<p><span class=\"Estilo6\">Los cimientos del nuevo santuario fueron abiertos por el carmelita Juan de la Concepci\u00f3n en el a\u00f1o 1677, las obras marchaban lentamente hasta que el a\u00f1o 1683 se logra una donaci\u00f3n de las autoridades gubernamentales.<\/span><\/p>\n<p class=\"Estilo6\">La capilla era de 9 varas (antiguos sistema de medici\u00f3n espa\u00f1ol equivalentes a 0.866 metros) de frente y 30 de largo, est\u00e1 fabricada en barro y ladrillo y ten\u00eda techo de dos aguas, revocada por fuera y sus paredes internas pintadas de blancos. El p\u00f3rtico miraba al norte y se levantaba a cierta altura un pared\u00f3n con tres ventanas donde estaban las campanas.<\/p>\n<p class=\"Estilo6\">Este templo sirvi\u00f3 para la veneraci\u00f3n de la Virgen hasta 1763.El nuevo santuario se debe a la devoci\u00f3n de Juan Lezica y Terrezuri, qui\u00e9n victima de una grave enfermedad ruega a Mar\u00eda Sant\u00edsima por salud. Ya sano L\u00e9xica fue nombrado por el Obispo de Bs. As. prefecto de las obras del\u00a0 nuevo santuario.<\/p>\n<p class=\"Estilo6\">En 1754 se coloca la piedra fundamental, un a\u00f1o m\u00e1s tarde Juan L\u00e9xica consigue elevar pago de Luj\u00e1n a la categor\u00eda de villa y luego consigue le creaci\u00f3n del Cabildo y la construcci\u00f3n de un puente sobre el r\u00edo Luj\u00e1n. El santuario se inaugura el 8 de diciembre de 1763 y sirvi\u00f3 para la devoci\u00f3n de su culto hasta su reemplazo por la actual Bas\u00edlica.<\/p>\n<p class=\"Estilo1\">\n","protected":false},"excerpt":{"rendered":"<p>Los cimientos del nuevo santuario fueron abiertos por el carmelita Juan de la Concepci\u00f3n en el a\u00f1o 1677, las obras marchaban lentamente hasta que el a\u00f1o 1683 se logra una donaci\u00f3n de las autoridades gubernamentales. La capilla era de 9 varas (antiguos sistema de medici\u00f3n espa\u00f1ol equivalentes a 0.866 metros) de frente y 30 de [&hellip;]<\/p>\n","protected":false},"author":2,"featured_media":651,"comment_status":"closed","ping_status":"closed","sticky":false,"template":"","format":"standard","meta":{"_uag_custom_page_level_css":"","site-sidebar-layout":"default","site-content-layout":"","ast-site-content-layout":"default","site-content-style":"default","site-sidebar-style":"default","ast-global-header-display":"","ast-banner-title-visibility":"","ast-main-header-display":"","ast-hfb-above-header-display":"","ast-hfb-below-header-display":"","ast-hfb-mobile-header-display":"","site-post-title":"","ast-breadcrumbs-content":"","ast-featured-img":"","footer-sml-layout":"","theme-transparent-header-meta":"","adv-header-id-meta":"","stick-header-meta":"","header-above-stick-meta":"","header-main-stick-meta":"","header-below-stick-meta":"","astra-migrate-meta-layouts":"default","ast-page-background-enabled":"default","ast-page-background-meta":{"desktop":{"background-color":"var(--ast-global-color-4)","background-image":"","background-repeat":"repeat","background-position":"center center","background-size":"auto","background-attachment":"scroll","background-type":"","background-media":"","overlay-type":"","overlay-color":"","overlay-opacity":"","overlay-gradient":""},"tablet":{"background-color":"","background-image":"","background-repeat":"repeat","background-position":"center center","background-size":"auto","background-attachment":"scroll","background-type":"","background-media":"","overlay-type":"","overlay-color":"","overlay-opacity":"","overlay-gradient":""},"mobile":{"background-color":"","background-image":"","background-repeat":"repeat","background-position":"center center","background-size":"auto","background-attachment":"scroll","background-type":"","background-media":"","overlay-type":"","overlay-color":"","overlay-opacity":"","overlay-gradient":""}},"ast-content-background-meta":{"desktop":{"background-color":"var(--ast-global-color-5)","background-image":"","background-repeat":"repeat","background-position":"center center","background-size":"auto","background-attachment":"scroll","background-type":"","background-media":"","overlay-type":"","overlay-color":"","overlay-opacity":"","overlay-gradient":""},"tablet":{"background-color":"var(--ast-global-color-5)","background-image":"","background-repeat":"repeat","background-position":"center center","background-size":"auto","background-attachment":"scroll","background-type":"","background-media":"","overlay-type":"","overlay-color":"","overlay-opacity":"","overlay-gradient":""},"mobile":{"background-color":"var(--ast-global-color-5)","background-image":"","background-repeat":"repeat","background-position":"center center","background-size":"auto","background-attachment":"scroll","background-type":"","background-media":"","overlay-type":"","overlay-color":"","overlay-opacity":"","overlay-gradient":""}},"footnotes":""},"categories":[1,72],"tags":[],"class_list":["post-650","post","type-post","status-publish","format-standard","has-post-thumbnail","hentry","category-destacado","category-resena-historica-de-lujan"],"uagb_featured_image_src":{"full":["http:\/\/tuportaldelujan.com.ar\/web30\/wp-content\/uploads\/2019\/08\/ciudad-milagrosa-templo-lezica-torrezuri.jpg",182,242,false],"thumbnail":["http:\/\/tuportaldelujan.com.ar\/web30\/wp-content\/uploads\/2019\/08\/ciudad-milagrosa-templo-lezica-torrezuri-150x150.jpg",150,150,true],"medium":["http:\/\/tuportaldelujan.com.ar\/web30\/wp-content\/uploads\/2019\/08\/ciudad-milagrosa-templo-lezica-torrezuri.jpg",182,242,false],"medium_large":["http:\/\/tuportaldelujan.com.ar\/web30\/wp-content\/uploads\/2019\/08\/ciudad-milagrosa-templo-lezica-torrezuri.jpg",182,242,false],"large":["http:\/\/tuportaldelujan.com.ar\/web30\/wp-content\/uploads\/2019\/08\/ciudad-milagrosa-templo-lezica-torrezuri.jpg",182,242,false],"1536x1536":["http:\/\/tuportaldelujan.com.ar\/web30\/wp-content\/uploads\/2019\/08\/ciudad-milagrosa-templo-lezica-torrezuri.jpg",182,242,false],"2048x2048":["http:\/\/tuportaldelujan.com.ar\/web30\/wp-content\/uploads\/2019\/08\/ciudad-milagrosa-templo-lezica-torrezuri.jpg",182,242,false]},"uagb_author_info":{"display_name":"tuportal","author_link":"http:\/\/tuportaldelujan.com.ar\/web30\/author\/tuportal\/"},"uagb_comment_info":0,"uagb_excerpt":"Los cimientos del nuevo santuario fueron abiertos por el carmelita Juan de la Concepci\u00f3n en el a\u00f1o 1677, las obras marchaban lentamente hasta que el a\u00f1o 1683 se logra una donaci\u00f3n de las autoridades gubernamentales. La capilla era de 9 varas (antiguos sistema de medici\u00f3n espa\u00f1ol equivalentes a 0.866 metros) de frente y 30 de&hellip;","builder_content":"","_links":{"self":[{"href":"http:\/\/tuportaldelujan.com.ar\/web30\/wp-json\/wp\/v2\/posts\/650","targetHints":{"allow":["GET"]}}],"collection":[{"href":"http:\/\/tuportaldelujan.com.ar\/web30\/wp-json\/wp\/v2\/posts"}],"about":[{"href":"http:\/\/tuportaldelujan.com.ar\/web30\/wp-json\/wp\/v2\/types\/post"}],"author":[{"embeddable":true,"href":"http:\/\/tuportaldelujan.com.ar\/web30\/wp-json\/wp\/v2\/users\/2"}],"replies":[{"embeddable":true,"href":"http:\/\/tuportaldelujan.com.ar\/web30\/wp-json\/wp\/v2\/comments?post=650"}],"version-history":[{"count":1,"href":"http:\/\/tuportaldelujan.com.ar\/web30\/wp-json\/wp\/v2\/posts\/650\/revisions"}],"predecessor-version":[{"id":652,"href":"http:\/\/tuportaldelujan.com.ar\/web30\/wp-json\/wp\/v2\/posts\/650\/revisions\/652"}],"wp:featuredmedia":[{"embeddable":true,"href":"http:\/\/tuportaldelujan.com.ar\/web30\/wp-json\/wp\/v2\/media\/651"}],"wp:attachment":[{"href":"http:\/\/tuportaldelujan.com.ar\/web30\/wp-json\/wp\/v2\/media?parent=650"}],"wp:term":[{"taxonomy":"category","embeddable":true,"href":"http:\/\/tuportaldelujan.com.ar\/web30\/wp-json\/wp\/v2\/categories?post=650"},{"taxonomy":"post_tag","embeddable":true,"href":"http:\/\/tuportaldelujan.com.ar\/web30\/wp-json\/wp\/v2\/tags?post=650"}],"curies":[{"name":"wp","href":"https:\/\/api.w.org\/{rel}","templated":true}]}}