{"id":644,"date":"2019-08-07T13:35:07","date_gmt":"2019-08-07T13:35:07","guid":{"rendered":"http:\/\/tuportaldelujan.com.ar\/web30\/?p=644"},"modified":"2019-08-07T13:35:07","modified_gmt":"2019-08-07T13:35:07","slug":"el-primer-milagro","status":"publish","type":"post","link":"http:\/\/tuportaldelujan.com.ar\/web30\/el-primer-milagro\/","title":{"rendered":"El Primer Milagro"},"content":{"rendered":"<p class=\"Estilo8\">La historia se remonta al a\u00f1o 1630, cuando un portugu\u00e9s que viv\u00eda en Sumampa (Santiago del Estero) pide a un amigo que viv\u00eda en Brasil una imagen de la virgen para venerarla en la iglesia que estaba levantando en su estancia. Este amigo le env\u00eda dos im\u00e1genes, una de la Pura y Limpia Concepci\u00f3n y otra de la Consolaci\u00f3n.<\/p>\n<p class=\"Estilo8\"><a href=\"http:\/\/tuportaldelujan.com.ar\/web30\/wp-content\/uploads\/2019\/08\/ciudad-milagrosa-momento-detencion-carreta.jpg\"><img loading=\"lazy\" decoding=\"async\" class=\"alignright size-full wp-image-645\" src=\"http:\/\/tuportaldelujan.com.ar\/web30\/wp-content\/uploads\/2019\/08\/ciudad-milagrosa-momento-detencion-carreta.jpg\" alt=\"ciudad-milagrosa-momento-detencion-carreta\" width=\"206\" height=\"144\" \/><\/a>Las im\u00e1genes de terracota son transportadas en barcos hasta el puerto de Santa Mar\u00eda de los Buenos Aires, y de all\u00ed en una caravana de carretas que se dirig\u00eda al norte. Despu\u00e9s de dos d\u00edas de marcha la caravana llega a orillas del r\u00edo Luj\u00e1n y deciden hacer una alto en la marcha y descansan en la estancia de don Diego Rosendo.<\/p>\n<p class=\"Estilo8\">A la madruga del 3\u00b0 d\u00eda la caravana de carretas se apresta a seguir su marcha pero debe detenerse al notar que una de ellas no se mov\u00eda. Luego de picanear los bueyes deciden descargar los bultos, pero fue en vano, los animales no pod\u00edan mover el transporte. Fue en esta ocasi\u00f3n cuando a uno de los presentes se ocurri\u00f3 bajar los cajones que conten\u00edan las im\u00e1genes.<\/p>\n<p class=\"Estilo8\">Bajan un caj\u00f3n y la carreta segu\u00eda inm\u00f3vil pero al bajar el otro la carreta avanz\u00f3 sin ning\u00fan inconveniente. Repitieron la operaci\u00f3n hasta llegar la conclusi\u00f3n de que el secreto se hallaba en ese caj\u00f3n. Preguntaron al due\u00f1o de la carreta el contenido de la caja, y al contestar todos callan y proceden a su apertura&#8230; y as\u00ed ese pu\u00f1ado de personas pudieron contemplar por primera ves la joya m\u00e1s preciada de la pampa.<\/p>\n<p class=\"Estilo8\">La imagen fue conducida hasta la casa de Rosendo, realiz\u00e1ndose as\u00ed la primera procesi\u00f3n de la Santa Imagen que terminaba de realizar su primer milagro: quedarse en esta tierra.<br \/>\n<a href=\"http:\/\/tuportaldelujan.com.ar\/web30\/wp-content\/uploads\/2019\/08\/ciudad-milagrosa-momento-detencion-carreta.jpg\"><br \/>\n<\/a><\/p>\n","protected":false},"excerpt":{"rendered":"<p>La historia se remonta al a\u00f1o 1630, cuando un portugu\u00e9s que viv\u00eda en Sumampa (Santiago del Estero) pide a un amigo que viv\u00eda en Brasil una imagen de la virgen para venerarla en la iglesia que estaba levantando en su estancia. Este amigo le env\u00eda dos im\u00e1genes, una de la Pura y Limpia Concepci\u00f3n y [&hellip;]<\/p>\n","protected":false},"author":2,"featured_media":645,"comment_status":"closed","ping_status":"closed","sticky":false,"template":"","format":"standard","meta":{"_uag_custom_page_level_css":"","site-sidebar-layout":"default","site-content-layout":"","ast-site-content-layout":"default","site-content-style":"default","site-sidebar-style":"default","ast-global-header-display":"","ast-banner-title-visibility":"","ast-main-header-display":"","ast-hfb-above-header-display":"","ast-hfb-below-header-display":"","ast-hfb-mobile-header-display":"","site-post-title":"","ast-breadcrumbs-content":"","ast-featured-img":"","footer-sml-layout":"","theme-transparent-header-meta":"","adv-header-id-meta":"","stick-header-meta":"","header-above-stick-meta":"","header-main-stick-meta":"","header-below-stick-meta":"","astra-migrate-meta-layouts":"default","ast-page-background-enabled":"default","ast-page-background-meta":{"desktop":{"background-color":"var(--ast-global-color-4)","background-image":"","background-repeat":"repeat","background-position":"center center","background-size":"auto","background-attachment":"scroll","background-type":"","background-media":"","overlay-type":"","overlay-color":"","overlay-opacity":"","overlay-gradient":""},"tablet":{"background-color":"","background-image":"","background-repeat":"repeat","background-position":"center center","background-size":"auto","background-attachment":"scroll","background-type":"","background-media":"","overlay-type":"","overlay-color":"","overlay-opacity":"","overlay-gradient":""},"mobile":{"background-color":"","background-image":"","background-repeat":"repeat","background-position":"center center","background-size":"auto","background-attachment":"scroll","background-type":"","background-media":"","overlay-type":"","overlay-color":"","overlay-opacity":"","overlay-gradient":""}},"ast-content-background-meta":{"desktop":{"background-color":"var(--ast-global-color-5)","background-image":"","background-repeat":"repeat","background-position":"center center","background-size":"auto","background-attachment":"scroll","background-type":"","background-media":"","overlay-type":"","overlay-color":"","overlay-opacity":"","overlay-gradient":""},"tablet":{"background-color":"var(--ast-global-color-5)","background-image":"","background-repeat":"repeat","background-position":"center center","background-size":"auto","background-attachment":"scroll","background-type":"","background-media":"","overlay-type":"","overlay-color":"","overlay-opacity":"","overlay-gradient":""},"mobile":{"background-color":"var(--ast-global-color-5)","background-image":"","background-repeat":"repeat","background-position":"center center","background-size":"auto","background-attachment":"scroll","background-type":"","background-media":"","overlay-type":"","overlay-color":"","overlay-opacity":"","overlay-gradient":""}},"footnotes":""},"categories":[72],"tags":[],"class_list":["post-644","post","type-post","status-publish","format-standard","has-post-thumbnail","hentry","category-resena-historica-de-lujan"],"uagb_featured_image_src":{"full":["http:\/\/tuportaldelujan.com.ar\/web30\/wp-content\/uploads\/2019\/08\/ciudad-milagrosa-momento-detencion-carreta.jpg",206,144,false],"thumbnail":["http:\/\/tuportaldelujan.com.ar\/web30\/wp-content\/uploads\/2019\/08\/ciudad-milagrosa-momento-detencion-carreta-150x144.jpg",150,144,true],"medium":["http:\/\/tuportaldelujan.com.ar\/web30\/wp-content\/uploads\/2019\/08\/ciudad-milagrosa-momento-detencion-carreta.jpg",206,144,false],"medium_large":["http:\/\/tuportaldelujan.com.ar\/web30\/wp-content\/uploads\/2019\/08\/ciudad-milagrosa-momento-detencion-carreta.jpg",206,144,false],"large":["http:\/\/tuportaldelujan.com.ar\/web30\/wp-content\/uploads\/2019\/08\/ciudad-milagrosa-momento-detencion-carreta.jpg",206,144,false],"1536x1536":["http:\/\/tuportaldelujan.com.ar\/web30\/wp-content\/uploads\/2019\/08\/ciudad-milagrosa-momento-detencion-carreta.jpg",206,144,false],"2048x2048":["http:\/\/tuportaldelujan.com.ar\/web30\/wp-content\/uploads\/2019\/08\/ciudad-milagrosa-momento-detencion-carreta.jpg",206,144,false]},"uagb_author_info":{"display_name":"tuportal","author_link":"http:\/\/tuportaldelujan.com.ar\/web30\/author\/tuportal\/"},"uagb_comment_info":0,"uagb_excerpt":"La historia se remonta al a\u00f1o 1630, cuando un portugu\u00e9s que viv\u00eda en Sumampa (Santiago del Estero) pide a un amigo que viv\u00eda en Brasil una imagen de la virgen para venerarla en la iglesia que estaba levantando en su estancia. Este amigo le env\u00eda dos im\u00e1genes, una de la Pura y Limpia Concepci\u00f3n y&hellip;","builder_content":"","_links":{"self":[{"href":"http:\/\/tuportaldelujan.com.ar\/web30\/wp-json\/wp\/v2\/posts\/644","targetHints":{"allow":["GET"]}}],"collection":[{"href":"http:\/\/tuportaldelujan.com.ar\/web30\/wp-json\/wp\/v2\/posts"}],"about":[{"href":"http:\/\/tuportaldelujan.com.ar\/web30\/wp-json\/wp\/v2\/types\/post"}],"author":[{"embeddable":true,"href":"http:\/\/tuportaldelujan.com.ar\/web30\/wp-json\/wp\/v2\/users\/2"}],"replies":[{"embeddable":true,"href":"http:\/\/tuportaldelujan.com.ar\/web30\/wp-json\/wp\/v2\/comments?post=644"}],"version-history":[{"count":1,"href":"http:\/\/tuportaldelujan.com.ar\/web30\/wp-json\/wp\/v2\/posts\/644\/revisions"}],"predecessor-version":[{"id":646,"href":"http:\/\/tuportaldelujan.com.ar\/web30\/wp-json\/wp\/v2\/posts\/644\/revisions\/646"}],"wp:featuredmedia":[{"embeddable":true,"href":"http:\/\/tuportaldelujan.com.ar\/web30\/wp-json\/wp\/v2\/media\/645"}],"wp:attachment":[{"href":"http:\/\/tuportaldelujan.com.ar\/web30\/wp-json\/wp\/v2\/media?parent=644"}],"wp:term":[{"taxonomy":"category","embeddable":true,"href":"http:\/\/tuportaldelujan.com.ar\/web30\/wp-json\/wp\/v2\/categories?post=644"},{"taxonomy":"post_tag","embeddable":true,"href":"http:\/\/tuportaldelujan.com.ar\/web30\/wp-json\/wp\/v2\/tags?post=644"}],"curies":[{"name":"wp","href":"https:\/\/api.w.org\/{rel}","templated":true}]}}