{"id":640,"date":"2019-08-07T13:07:41","date_gmt":"2019-08-07T13:07:41","guid":{"rendered":"http:\/\/tuportaldelujan.com.ar\/web30\/?p=640"},"modified":"2019-08-07T13:22:59","modified_gmt":"2019-08-07T13:22:59","slug":"origen-del-nombre-de-lujan","status":"publish","type":"post","link":"http:\/\/tuportaldelujan.com.ar\/web30\/origen-del-nombre-de-lujan\/","title":{"rendered":"Origen del nombre de Luj\u00e1n"},"content":{"rendered":"<figure style=\"width: 214px\" class=\"wp-caption alignright\"><img loading=\"lazy\" decoding=\"async\" src=\"http:\/\/www.tuportaldelujan.com.ar\/imagenes2010\/imagenes\/ciudad-milagrosa-fallecimiento-del-capitan-lujan.jpg\" width=\"214\" height=\"168\" \/><figcaption class=\"wp-caption-text\">Fallecimiento del Capit\u00e1n Luj\u00e1n<\/figcaption><\/figure>\n<p><span class=\"Estilo6\">En el a\u00f1o 1536 llega al r\u00edo de la plata una expedici\u00f3n al mando del adelantado Pedro de Mendoza con el permiso correspondiente otorgado por el Rey Carlos V. El 3 de febrero funda el fuerte de Santa Mar\u00eda de los Buenos Aires (en honor a la patrona de los navegantes), la regi\u00f3n era habitada por los indios querand\u00edes, muy belicosos.<\/span><\/p>\n<p class=\"Estilo6\">Pronto los abor\u00edgenes comienzan a reaccionar con violencia. Mendoza env\u00eda una partida de 300 hombres que se enfrentan con los querand\u00edes el d\u00eda de Corpus Cristis, el 15 de Julio de 1536. Entre las victimas de los espa\u00f1oles encontramos al capit\u00e1n Pedro de Luj\u00e1n que muere a orillas del r\u00edo que hoy lleva su nombre.<\/p>\n<p class=\"Estilo6\">En 1580, cuando Juan de Garay realiza la segunda fundaci\u00f3n de Buenos Aires, a realizar el reparto de suerte de tierra, nombra por ves primera al r\u00edo con el nombre de Luj\u00e1n. Otras teor\u00edas que el nombre proviene de una tribu que habitaba a orillas del r\u00edo, la misma se llamaba Loja, y la otra Huyan o Schuyan.<\/p>\n<p class=\"Estilo6\">Has aqu\u00ed, una s\u00edntesis del origen del nombre de nuestra ciudad. En cuanto a su fundaci\u00f3n, Luj\u00e1n tiene la particularidad de haber sido fundada no por obra del ser humano, sino, por un portento divino que manifiesta la voluntad de la Madre de Dios de quedarse en nuestra tierra.<\/p>\n","protected":false},"excerpt":{"rendered":"<p>En el a\u00f1o 1536 llega al r\u00edo de la plata una expedici\u00f3n al mando del adelantado Pedro de Mendoza con el permiso correspondiente otorgado por el Rey Carlos V. El 3 de febrero funda el fuerte de Santa Mar\u00eda de los Buenos Aires (en honor a la patrona de los navegantes), la regi\u00f3n era habitada [&hellip;]<\/p>\n","protected":false},"author":2,"featured_media":642,"comment_status":"closed","ping_status":"closed","sticky":false,"template":"","format":"standard","meta":{"_uag_custom_page_level_css":"","site-sidebar-layout":"default","site-content-layout":"","ast-site-content-layout":"default","site-content-style":"default","site-sidebar-style":"default","ast-global-header-display":"","ast-banner-title-visibility":"","ast-main-header-display":"","ast-hfb-above-header-display":"","ast-hfb-below-header-display":"","ast-hfb-mobile-header-display":"","site-post-title":"","ast-breadcrumbs-content":"","ast-featured-img":"","footer-sml-layout":"","theme-transparent-header-meta":"","adv-header-id-meta":"","stick-header-meta":"","header-above-stick-meta":"","header-main-stick-meta":"","header-below-stick-meta":"","astra-migrate-meta-layouts":"default","ast-page-background-enabled":"default","ast-page-background-meta":{"desktop":{"background-color":"var(--ast-global-color-4)","background-image":"","background-repeat":"repeat","background-position":"center center","background-size":"auto","background-attachment":"scroll","background-type":"","background-media":"","overlay-type":"","overlay-color":"","overlay-opacity":"","overlay-gradient":""},"tablet":{"background-color":"","background-image":"","background-repeat":"repeat","background-position":"center center","background-size":"auto","background-attachment":"scroll","background-type":"","background-media":"","overlay-type":"","overlay-color":"","overlay-opacity":"","overlay-gradient":""},"mobile":{"background-color":"","background-image":"","background-repeat":"repeat","background-position":"center center","background-size":"auto","background-attachment":"scroll","background-type":"","background-media":"","overlay-type":"","overlay-color":"","overlay-opacity":"","overlay-gradient":""}},"ast-content-background-meta":{"desktop":{"background-color":"var(--ast-global-color-5)","background-image":"","background-repeat":"repeat","background-position":"center center","background-size":"auto","background-attachment":"scroll","background-type":"","background-media":"","overlay-type":"","overlay-color":"","overlay-opacity":"","overlay-gradient":""},"tablet":{"background-color":"var(--ast-global-color-5)","background-image":"","background-repeat":"repeat","background-position":"center center","background-size":"auto","background-attachment":"scroll","background-type":"","background-media":"","overlay-type":"","overlay-color":"","overlay-opacity":"","overlay-gradient":""},"mobile":{"background-color":"var(--ast-global-color-5)","background-image":"","background-repeat":"repeat","background-position":"center center","background-size":"auto","background-attachment":"scroll","background-type":"","background-media":"","overlay-type":"","overlay-color":"","overlay-opacity":"","overlay-gradient":""}},"footnotes":""},"categories":[72],"tags":[73,74,36],"class_list":["post-640","post","type-post","status-publish","format-standard","has-post-thumbnail","hentry","category-resena-historica-de-lujan","tag-capitan-lujan","tag-juan-de-garay","tag-lujan"],"uagb_featured_image_src":{"full":["http:\/\/tuportaldelujan.com.ar\/web30\/wp-content\/uploads\/2019\/08\/ciudad-milagrosa-fallecimiento-del-capitan-lujan.jpg",214,168,false],"thumbnail":["http:\/\/tuportaldelujan.com.ar\/web30\/wp-content\/uploads\/2019\/08\/ciudad-milagrosa-fallecimiento-del-capitan-lujan-150x150.jpg",150,150,true],"medium":["http:\/\/tuportaldelujan.com.ar\/web30\/wp-content\/uploads\/2019\/08\/ciudad-milagrosa-fallecimiento-del-capitan-lujan.jpg",214,168,false],"medium_large":["http:\/\/tuportaldelujan.com.ar\/web30\/wp-content\/uploads\/2019\/08\/ciudad-milagrosa-fallecimiento-del-capitan-lujan.jpg",214,168,false],"large":["http:\/\/tuportaldelujan.com.ar\/web30\/wp-content\/uploads\/2019\/08\/ciudad-milagrosa-fallecimiento-del-capitan-lujan.jpg",214,168,false],"1536x1536":["http:\/\/tuportaldelujan.com.ar\/web30\/wp-content\/uploads\/2019\/08\/ciudad-milagrosa-fallecimiento-del-capitan-lujan.jpg",214,168,false],"2048x2048":["http:\/\/tuportaldelujan.com.ar\/web30\/wp-content\/uploads\/2019\/08\/ciudad-milagrosa-fallecimiento-del-capitan-lujan.jpg",214,168,false]},"uagb_author_info":{"display_name":"tuportal","author_link":"http:\/\/tuportaldelujan.com.ar\/web30\/author\/tuportal\/"},"uagb_comment_info":0,"uagb_excerpt":"En el a\u00f1o 1536 llega al r\u00edo de la plata una expedici\u00f3n al mando del adelantado Pedro de Mendoza con el permiso correspondiente otorgado por el Rey Carlos V. El 3 de febrero funda el fuerte de Santa Mar\u00eda de los Buenos Aires (en honor a la patrona de los navegantes), la regi\u00f3n era habitada&hellip;","builder_content":"","_links":{"self":[{"href":"http:\/\/tuportaldelujan.com.ar\/web30\/wp-json\/wp\/v2\/posts\/640","targetHints":{"allow":["GET"]}}],"collection":[{"href":"http:\/\/tuportaldelujan.com.ar\/web30\/wp-json\/wp\/v2\/posts"}],"about":[{"href":"http:\/\/tuportaldelujan.com.ar\/web30\/wp-json\/wp\/v2\/types\/post"}],"author":[{"embeddable":true,"href":"http:\/\/tuportaldelujan.com.ar\/web30\/wp-json\/wp\/v2\/users\/2"}],"replies":[{"embeddable":true,"href":"http:\/\/tuportaldelujan.com.ar\/web30\/wp-json\/wp\/v2\/comments?post=640"}],"version-history":[{"count":1,"href":"http:\/\/tuportaldelujan.com.ar\/web30\/wp-json\/wp\/v2\/posts\/640\/revisions"}],"predecessor-version":[{"id":641,"href":"http:\/\/tuportaldelujan.com.ar\/web30\/wp-json\/wp\/v2\/posts\/640\/revisions\/641"}],"wp:featuredmedia":[{"embeddable":true,"href":"http:\/\/tuportaldelujan.com.ar\/web30\/wp-json\/wp\/v2\/media\/642"}],"wp:attachment":[{"href":"http:\/\/tuportaldelujan.com.ar\/web30\/wp-json\/wp\/v2\/media?parent=640"}],"wp:term":[{"taxonomy":"category","embeddable":true,"href":"http:\/\/tuportaldelujan.com.ar\/web30\/wp-json\/wp\/v2\/categories?post=640"},{"taxonomy":"post_tag","embeddable":true,"href":"http:\/\/tuportaldelujan.com.ar\/web30\/wp-json\/wp\/v2\/tags?post=640"}],"curies":[{"name":"wp","href":"https:\/\/api.w.org\/{rel}","templated":true}]}}