{"id":632,"date":"2016-09-17T13:45:07","date_gmt":"2016-09-17T13:45:07","guid":{"rendered":"http:\/\/tuportaldelujan.com.ar\/web30\/?p=632"},"modified":"2016-09-17T13:45:07","modified_gmt":"2016-09-17T13:45:07","slug":"la-feria-de-las-colectividades-llega-a-lujan-este-fin-de-semana-del-15-al-18","status":"publish","type":"post","link":"http:\/\/tuportaldelujan.com.ar\/web30\/la-feria-de-las-colectividades-llega-a-lujan-este-fin-de-semana-del-15-al-18\/","title":{"rendered":"La Feria de las Colectividades llega a Luj\u00e1n este fin de semana del 15 al 18"},"content":{"rendered":"<h1><strong>Una nueva edici\u00f3n de la Feria de las Colectividades en Luj\u00e1n<br \/>\n<\/strong><\/h1>\n<p><a href=\"http:\/\/tuportaldelujan.com.ar\/web30\/wp-content\/uploads\/2016\/09\/feria-de-las-colectividades-lujan-2016.jpg\"><img loading=\"lazy\" decoding=\"async\" class=\"alignright wp-image-633\" src=\"http:\/\/tuportaldelujan.com.ar\/web30\/wp-content\/uploads\/2016\/09\/feria-de-las-colectividades-lujan-2016-300x169.jpg\" alt=\"Feria de Las Colectividades Luj\u00e1n 2016\" width=\"400\" height=\"225\" srcset=\"http:\/\/tuportaldelujan.com.ar\/web30\/wp-content\/uploads\/2016\/09\/feria-de-las-colectividades-lujan-2016-300x169.jpg 300w, http:\/\/tuportaldelujan.com.ar\/web30\/wp-content\/uploads\/2016\/09\/feria-de-las-colectividades-lujan-2016.jpg 600w\" sizes=\"auto, (max-width: 400px) 100vw, 400px\" \/><\/a>La Direcci\u00f3n de Turismo de la Municipalidad de Luj\u00e1n conjuntamente con la Subdirecci\u00f3n de eventos\u00a0 informa que a partir del jueves 15 de septiembre al domingo 18 de septiembre de 2016 en el horario de 11 a 24hs. se realizar\u00e1 un nuevo ciclo de\u00a0 la \u201cFeria de Colectividades\u201d en el Parque Ameghino de nuestra ciudad.<\/p>\n<p>La tradicional feria se trata de un encuentro multicultural con stands propios de cada pa\u00eds que ofrecer\u00e1n vestimentas, trajes t\u00edpicos, artesan\u00edas, productos regionales, m\u00fasica, canto y danzas t\u00edpicas de las diversas colectividades arraigadas en nuestro pa\u00eds.<\/p>\n<p>Asimismo, la Subsecretar\u00eda de Control Urbano informa que desde el d\u00eda que comienza la feria hasta su culminaci\u00f3n, en el horario de 7 a 24hs. las calles 25 de mayo y Lezica y Torrezuri permanecer\u00e1 cerrada al tr\u00e1nsito vehicular.<\/p>\n<p>Subsecretar\u00eda de Comunicaciones de la Municipalidad de Luj\u00e1n.<\/p>\n","protected":false},"excerpt":{"rendered":"<p>Una nueva edici\u00f3n de la Feria de las Colectividades en Luj\u00e1n La Direcci\u00f3n de Turismo de la Municipalidad de Luj\u00e1n conjuntamente con la Subdirecci\u00f3n de eventos\u00a0 informa que a partir del jueves 15 de septiembre al domingo 18 de septiembre de 2016 en el horario de 11 a 24hs. se realizar\u00e1 un nuevo ciclo de\u00a0 [&hellip;]<\/p>\n","protected":false},"author":2,"featured_media":633,"comment_status":"closed","ping_status":"closed","sticky":false,"template":"","format":"standard","meta":{"_uag_custom_page_level_css":"","site-sidebar-layout":"default","site-content-layout":"","ast-site-content-layout":"default","site-content-style":"default","site-sidebar-style":"default","ast-global-header-display":"","ast-banner-title-visibility":"","ast-main-header-display":"","ast-hfb-above-header-display":"","ast-hfb-below-header-display":"","ast-hfb-mobile-header-display":"","site-post-title":"","ast-breadcrumbs-content":"","ast-featured-img":"","footer-sml-layout":"","theme-transparent-header-meta":"","adv-header-id-meta":"","stick-header-meta":"","header-above-stick-meta":"","header-main-stick-meta":"","header-below-stick-meta":"","astra-migrate-meta-layouts":"default","ast-page-background-enabled":"default","ast-page-background-meta":{"desktop":{"background-color":"var(--ast-global-color-4)","background-image":"","background-repeat":"repeat","background-position":"center center","background-size":"auto","background-attachment":"scroll","background-type":"","background-media":"","overlay-type":"","overlay-color":"","overlay-opacity":"","overlay-gradient":""},"tablet":{"background-color":"","background-image":"","background-repeat":"repeat","background-position":"center center","background-size":"auto","background-attachment":"scroll","background-type":"","background-media":"","overlay-type":"","overlay-color":"","overlay-opacity":"","overlay-gradient":""},"mobile":{"background-color":"","background-image":"","background-repeat":"repeat","background-position":"center center","background-size":"auto","background-attachment":"scroll","background-type":"","background-media":"","overlay-type":"","overlay-color":"","overlay-opacity":"","overlay-gradient":""}},"ast-content-background-meta":{"desktop":{"background-color":"var(--ast-global-color-5)","background-image":"","background-repeat":"repeat","background-position":"center center","background-size":"auto","background-attachment":"scroll","background-type":"","background-media":"","overlay-type":"","overlay-color":"","overlay-opacity":"","overlay-gradient":""},"tablet":{"background-color":"var(--ast-global-color-5)","background-image":"","background-repeat":"repeat","background-position":"center center","background-size":"auto","background-attachment":"scroll","background-type":"","background-media":"","overlay-type":"","overlay-color":"","overlay-opacity":"","overlay-gradient":""},"mobile":{"background-color":"var(--ast-global-color-5)","background-image":"","background-repeat":"repeat","background-position":"center center","background-size":"auto","background-attachment":"scroll","background-type":"","background-media":"","overlay-type":"","overlay-color":"","overlay-opacity":"","overlay-gradient":""}},"footnotes":""},"categories":[24,5],"tags":[69,70,36],"class_list":["post-632","post","type-post","status-publish","format-standard","has-post-thumbnail","hentry","category-eventos","category-noticias","tag-colectividades","tag-feria","tag-lujan"],"uagb_featured_image_src":{"full":["http:\/\/tuportaldelujan.com.ar\/web30\/wp-content\/uploads\/2016\/09\/feria-de-las-colectividades-lujan-2016.jpg",600,337,false],"thumbnail":["http:\/\/tuportaldelujan.com.ar\/web30\/wp-content\/uploads\/2016\/09\/feria-de-las-colectividades-lujan-2016-150x150.jpg",150,150,true],"medium":["http:\/\/tuportaldelujan.com.ar\/web30\/wp-content\/uploads\/2016\/09\/feria-de-las-colectividades-lujan-2016-300x169.jpg",300,169,true],"medium_large":["http:\/\/tuportaldelujan.com.ar\/web30\/wp-content\/uploads\/2016\/09\/feria-de-las-colectividades-lujan-2016.jpg",600,337,false],"large":["http:\/\/tuportaldelujan.com.ar\/web30\/wp-content\/uploads\/2016\/09\/feria-de-las-colectividades-lujan-2016.jpg",600,337,false],"1536x1536":["http:\/\/tuportaldelujan.com.ar\/web30\/wp-content\/uploads\/2016\/09\/feria-de-las-colectividades-lujan-2016.jpg",600,337,false],"2048x2048":["http:\/\/tuportaldelujan.com.ar\/web30\/wp-content\/uploads\/2016\/09\/feria-de-las-colectividades-lujan-2016.jpg",600,337,false]},"uagb_author_info":{"display_name":"tuportal","author_link":"http:\/\/tuportaldelujan.com.ar\/web30\/author\/tuportal\/"},"uagb_comment_info":0,"uagb_excerpt":"Una nueva edici\u00f3n de la Feria de las Colectividades en Luj\u00e1n La Direcci\u00f3n de Turismo de la Municipalidad de Luj\u00e1n conjuntamente con la Subdirecci\u00f3n de eventos\u00a0 informa que a partir del jueves 15 de septiembre al domingo 18 de septiembre de 2016 en el horario de 11 a 24hs. se realizar\u00e1 un nuevo ciclo de\u00a0&hellip;","builder_content":"","_links":{"self":[{"href":"http:\/\/tuportaldelujan.com.ar\/web30\/wp-json\/wp\/v2\/posts\/632","targetHints":{"allow":["GET"]}}],"collection":[{"href":"http:\/\/tuportaldelujan.com.ar\/web30\/wp-json\/wp\/v2\/posts"}],"about":[{"href":"http:\/\/tuportaldelujan.com.ar\/web30\/wp-json\/wp\/v2\/types\/post"}],"author":[{"embeddable":true,"href":"http:\/\/tuportaldelujan.com.ar\/web30\/wp-json\/wp\/v2\/users\/2"}],"replies":[{"embeddable":true,"href":"http:\/\/tuportaldelujan.com.ar\/web30\/wp-json\/wp\/v2\/comments?post=632"}],"version-history":[{"count":1,"href":"http:\/\/tuportaldelujan.com.ar\/web30\/wp-json\/wp\/v2\/posts\/632\/revisions"}],"predecessor-version":[{"id":634,"href":"http:\/\/tuportaldelujan.com.ar\/web30\/wp-json\/wp\/v2\/posts\/632\/revisions\/634"}],"wp:featuredmedia":[{"embeddable":true,"href":"http:\/\/tuportaldelujan.com.ar\/web30\/wp-json\/wp\/v2\/media\/633"}],"wp:attachment":[{"href":"http:\/\/tuportaldelujan.com.ar\/web30\/wp-json\/wp\/v2\/media?parent=632"}],"wp:term":[{"taxonomy":"category","embeddable":true,"href":"http:\/\/tuportaldelujan.com.ar\/web30\/wp-json\/wp\/v2\/categories?post=632"},{"taxonomy":"post_tag","embeddable":true,"href":"http:\/\/tuportaldelujan.com.ar\/web30\/wp-json\/wp\/v2\/tags?post=632"}],"curies":[{"name":"wp","href":"https:\/\/api.w.org\/{rel}","templated":true}]}}