{"id":586,"date":"2016-09-02T22:04:27","date_gmt":"2016-09-02T22:04:27","guid":{"rendered":"http:\/\/tuportaldelujan.com.ar\/web30\/?p=586"},"modified":"2016-09-02T22:04:27","modified_gmt":"2016-09-02T22:04:27","slug":"del-viernes-9-al-domingo-11-de-septiembre-42a-fiesta-nacional-del-salame-quintero-en-mercedes","status":"publish","type":"post","link":"http:\/\/tuportaldelujan.com.ar\/web30\/del-viernes-9-al-domingo-11-de-septiembre-42a-fiesta-nacional-del-salame-quintero-en-mercedes\/","title":{"rendered":"Del viernes 9 al domingo 11 de septiembre 42\u00aa Fiesta Nacional del Salame Quintero, en Mercedes."},"content":{"rendered":"<h2>Del viernes 9 al domingo 11 de septiembre 42\u00aa Fiesta Nacional del Salame Quintero, en Mercedes.<\/h2>\n<p><a href=\"http:\/\/tuportaldelujan.com.ar\/web30\/wp-content\/uploads\/2016\/09\/fiesta-nacional-del-salame-quintero-2016.jpg\"><img loading=\"lazy\" decoding=\"async\" class=\"alignright wp-image-587\" src=\"http:\/\/tuportaldelujan.com.ar\/web30\/wp-content\/uploads\/2016\/09\/fiesta-nacional-del-salame-quintero-2016-300x200.jpg\" alt=\"42\u00aa Fiesta Nacional del Salame Quintero, en Mercedes\" width=\"400\" height=\"267\" srcset=\"http:\/\/tuportaldelujan.com.ar\/web30\/wp-content\/uploads\/2016\/09\/fiesta-nacional-del-salame-quintero-2016-300x200.jpg 300w, http:\/\/tuportaldelujan.com.ar\/web30\/wp-content\/uploads\/2016\/09\/fiesta-nacional-del-salame-quintero-2016-480x320.jpg 480w, http:\/\/tuportaldelujan.com.ar\/web30\/wp-content\/uploads\/2016\/09\/fiesta-nacional-del-salame-quintero-2016-320x213.jpg 320w, http:\/\/tuportaldelujan.com.ar\/web30\/wp-content\/uploads\/2016\/09\/fiesta-nacional-del-salame-quintero-2016-240x160.jpg 240w, http:\/\/tuportaldelujan.com.ar\/web30\/wp-content\/uploads\/2016\/09\/fiesta-nacional-del-salame-quintero-2016.jpg 600w\" sizes=\"auto, (max-width: 400px) 100vw, 400px\" \/><\/a>\u201cFiesta Tradicionales en Buenos Aires\u201d solo ayuda a difundir este evento.<\/p>\n<p>Tema: SALAME QUINTERO<\/p>\n<p>Lugar: en el POLIDEPORTIVO MART\u00cdN RODRIGUEZ en Avenida 2 y calle 7, Mercedes<\/p>\n<p>Fecha: Viernes 9 al domingo 11 de septiembre de 2016, sin horario oficial<\/p>\n<p>Organiza:<br \/>\nMunicipio de Mercedes.<br \/>\nDirecci\u00f3n de Turismo<br \/>\n\u2022 Direcci\u00f3n: Avenida 29 y calle 26, Mercedes<br \/>\n\u2022 Horario: de lunes a viernes de 8 a 14 hs<br \/>\n\u2022 Tel\u00e9fonos: (02324) 437900 y 0810 333 0997<br \/>\n\u2022 Mail: turismo@mercedes.gob.ar<br \/>\n\u2022 Web: www.mercedes.gob.ar y http:\/\/www.salamequintero.gob.ar\/<br \/>\n\u2022 Face: https:\/\/www.facebook.com\/dirturmercedes\/<\/p>\n<p>\u2022 Atenci\u00f3n por puestos: Para inscripci\u00f3n de artesanos en Direcci\u00f3n de Turismo Av. 29 y calle 26 de lunes a viernes de 8.30 a 13.30 hs<\/p>\n<p>\u2022 Valor de la entrada: anticipadas $80 en direcci\u00f3n de turismo, en puerta $100 y $50 jubilados , menores de 12 a\u00f1os gratis.<\/p>\n<p>\u2022 Programa: Patio de comidas, artesanos, pe\u00f1as folkl\u00f2ricas, demostraciones, shows en vivo<br \/>\nArtistas:<br \/>\nViernes 9 de sept: EL ORIGINAL<br \/>\nS\u00e0bado 10 de sept: PETECO CARABAJAL<br \/>\nDomingo 11 de sept: TERESA PARODI<\/p>\n<p>M\u00e1s informaci\u00f3n:<br \/>\nFace: https:\/\/www.facebook.com\/ReinaNacionaldelSalameQuinteroMercedes\/?ref=ts&amp;fref=ts<br \/>\nMercedes es la cabecera del partido hom\u00f3nimo, provincia de Buenos Aires, Argentina, situada al oeste de Capital Federal.<br \/>\nDista 105 km de capital federal.<br \/>\nPara llegar, por Autopista del Oeste, ruta nacional 5 hasta Mercedes.<br \/>\nGPS: 34\u00b039\u2032 S 59\u00b026\u2032 O<\/p>\n<p style=\"text-align: center;\"><a href=\"http:\/\/tuportaldelujan.com.ar\/web30\/wp-content\/uploads\/2016\/09\/fiesta-nacional-del-salame-quintero-2016.jpg\"><img loading=\"lazy\" decoding=\"async\" class=\"aligncenter size-full wp-image-587\" src=\"http:\/\/tuportaldelujan.com.ar\/web30\/wp-content\/uploads\/2016\/09\/fiesta-nacional-del-salame-quintero-2016.jpg\" alt=\"42\u00aa Fiesta Nacional del Salame Quintero, en Mercedes\" width=\"600\" height=\"400\" srcset=\"http:\/\/tuportaldelujan.com.ar\/web30\/wp-content\/uploads\/2016\/09\/fiesta-nacional-del-salame-quintero-2016.jpg 600w, http:\/\/tuportaldelujan.com.ar\/web30\/wp-content\/uploads\/2016\/09\/fiesta-nacional-del-salame-quintero-2016-300x200.jpg 300w, http:\/\/tuportaldelujan.com.ar\/web30\/wp-content\/uploads\/2016\/09\/fiesta-nacional-del-salame-quintero-2016-480x320.jpg 480w, http:\/\/tuportaldelujan.com.ar\/web30\/wp-content\/uploads\/2016\/09\/fiesta-nacional-del-salame-quintero-2016-320x213.jpg 320w, http:\/\/tuportaldelujan.com.ar\/web30\/wp-content\/uploads\/2016\/09\/fiesta-nacional-del-salame-quintero-2016-240x160.jpg 240w\" sizes=\"auto, (max-width: 600px) 100vw, 600px\" \/><\/a><\/p>\n","protected":false},"excerpt":{"rendered":"<p>Del viernes 9 al domingo 11 de septiembre 42\u00aa Fiesta Nacional del Salame Quintero, en Mercedes. \u201cFiesta Tradicionales en Buenos Aires\u201d solo ayuda a difundir este evento. Tema: SALAME QUINTERO Lugar: en el POLIDEPORTIVO MART\u00cdN RODRIGUEZ en Avenida 2 y calle 7, Mercedes Fecha: Viernes 9 al domingo 11 de septiembre de 2016, sin horario [&hellip;]<\/p>\n","protected":false},"author":2,"featured_media":587,"comment_status":"closed","ping_status":"closed","sticky":false,"template":"","format":"standard","meta":{"_uag_custom_page_level_css":"","site-sidebar-layout":"default","site-content-layout":"","ast-site-content-layout":"default","site-content-style":"default","site-sidebar-style":"default","ast-global-header-display":"","ast-banner-title-visibility":"","ast-main-header-display":"","ast-hfb-above-header-display":"","ast-hfb-below-header-display":"","ast-hfb-mobile-header-display":"","site-post-title":"","ast-breadcrumbs-content":"","ast-featured-img":"","footer-sml-layout":"","theme-transparent-header-meta":"","adv-header-id-meta":"","stick-header-meta":"","header-above-stick-meta":"","header-main-stick-meta":"","header-below-stick-meta":"","astra-migrate-meta-layouts":"default","ast-page-background-enabled":"default","ast-page-background-meta":{"desktop":{"background-color":"var(--ast-global-color-4)","background-image":"","background-repeat":"repeat","background-position":"center center","background-size":"auto","background-attachment":"scroll","background-type":"","background-media":"","overlay-type":"","overlay-color":"","overlay-opacity":"","overlay-gradient":""},"tablet":{"background-color":"","background-image":"","background-repeat":"repeat","background-position":"center center","background-size":"auto","background-attachment":"scroll","background-type":"","background-media":"","overlay-type":"","overlay-color":"","overlay-opacity":"","overlay-gradient":""},"mobile":{"background-color":"","background-image":"","background-repeat":"repeat","background-position":"center center","background-size":"auto","background-attachment":"scroll","background-type":"","background-media":"","overlay-type":"","overlay-color":"","overlay-opacity":"","overlay-gradient":""}},"ast-content-background-meta":{"desktop":{"background-color":"var(--ast-global-color-5)","background-image":"","background-repeat":"repeat","background-position":"center center","background-size":"auto","background-attachment":"scroll","background-type":"","background-media":"","overlay-type":"","overlay-color":"","overlay-opacity":"","overlay-gradient":""},"tablet":{"background-color":"var(--ast-global-color-5)","background-image":"","background-repeat":"repeat","background-position":"center center","background-size":"auto","background-attachment":"scroll","background-type":"","background-media":"","overlay-type":"","overlay-color":"","overlay-opacity":"","overlay-gradient":""},"mobile":{"background-color":"var(--ast-global-color-5)","background-image":"","background-repeat":"repeat","background-position":"center center","background-size":"auto","background-attachment":"scroll","background-type":"","background-media":"","overlay-type":"","overlay-color":"","overlay-opacity":"","overlay-gradient":""}},"footnotes":""},"categories":[24],"tags":[47,60,61],"class_list":["post-586","post","type-post","status-publish","format-standard","has-post-thumbnail","hentry","category-eventos","tag-buenos-aires","tag-fiesta-del-salame","tag-mercedes"],"uagb_featured_image_src":{"full":["http:\/\/tuportaldelujan.com.ar\/web30\/wp-content\/uploads\/2016\/09\/fiesta-nacional-del-salame-quintero-2016.jpg",600,400,false],"thumbnail":["http:\/\/tuportaldelujan.com.ar\/web30\/wp-content\/uploads\/2016\/09\/fiesta-nacional-del-salame-quintero-2016-150x150.jpg",150,150,true],"medium":["http:\/\/tuportaldelujan.com.ar\/web30\/wp-content\/uploads\/2016\/09\/fiesta-nacional-del-salame-quintero-2016-300x200.jpg",300,200,true],"medium_large":["http:\/\/tuportaldelujan.com.ar\/web30\/wp-content\/uploads\/2016\/09\/fiesta-nacional-del-salame-quintero-2016.jpg",600,400,false],"large":["http:\/\/tuportaldelujan.com.ar\/web30\/wp-content\/uploads\/2016\/09\/fiesta-nacional-del-salame-quintero-2016.jpg",600,400,false],"1536x1536":["http:\/\/tuportaldelujan.com.ar\/web30\/wp-content\/uploads\/2016\/09\/fiesta-nacional-del-salame-quintero-2016.jpg",600,400,false],"2048x2048":["http:\/\/tuportaldelujan.com.ar\/web30\/wp-content\/uploads\/2016\/09\/fiesta-nacional-del-salame-quintero-2016.jpg",600,400,false]},"uagb_author_info":{"display_name":"tuportal","author_link":"http:\/\/tuportaldelujan.com.ar\/web30\/author\/tuportal\/"},"uagb_comment_info":0,"uagb_excerpt":"Del viernes 9 al domingo 11 de septiembre 42\u00aa Fiesta Nacional del Salame Quintero, en Mercedes. \u201cFiesta Tradicionales en Buenos Aires\u201d solo ayuda a difundir este evento. Tema: SALAME QUINTERO Lugar: en el POLIDEPORTIVO MART\u00cdN RODRIGUEZ en Avenida 2 y calle 7, Mercedes Fecha: Viernes 9 al domingo 11 de septiembre de 2016, sin horario&hellip;","builder_content":"","_links":{"self":[{"href":"http:\/\/tuportaldelujan.com.ar\/web30\/wp-json\/wp\/v2\/posts\/586","targetHints":{"allow":["GET"]}}],"collection":[{"href":"http:\/\/tuportaldelujan.com.ar\/web30\/wp-json\/wp\/v2\/posts"}],"about":[{"href":"http:\/\/tuportaldelujan.com.ar\/web30\/wp-json\/wp\/v2\/types\/post"}],"author":[{"embeddable":true,"href":"http:\/\/tuportaldelujan.com.ar\/web30\/wp-json\/wp\/v2\/users\/2"}],"replies":[{"embeddable":true,"href":"http:\/\/tuportaldelujan.com.ar\/web30\/wp-json\/wp\/v2\/comments?post=586"}],"version-history":[{"count":1,"href":"http:\/\/tuportaldelujan.com.ar\/web30\/wp-json\/wp\/v2\/posts\/586\/revisions"}],"predecessor-version":[{"id":588,"href":"http:\/\/tuportaldelujan.com.ar\/web30\/wp-json\/wp\/v2\/posts\/586\/revisions\/588"}],"wp:featuredmedia":[{"embeddable":true,"href":"http:\/\/tuportaldelujan.com.ar\/web30\/wp-json\/wp\/v2\/media\/587"}],"wp:attachment":[{"href":"http:\/\/tuportaldelujan.com.ar\/web30\/wp-json\/wp\/v2\/media?parent=586"}],"wp:term":[{"taxonomy":"category","embeddable":true,"href":"http:\/\/tuportaldelujan.com.ar\/web30\/wp-json\/wp\/v2\/categories?post=586"},{"taxonomy":"post_tag","embeddable":true,"href":"http:\/\/tuportaldelujan.com.ar\/web30\/wp-json\/wp\/v2\/tags?post=586"}],"curies":[{"name":"wp","href":"https:\/\/api.w.org\/{rel}","templated":true}]}}