{"id":552,"date":"2016-08-30T14:29:47","date_gmt":"2016-08-30T14:29:47","guid":{"rendered":"http:\/\/tuportaldelujan.com.ar\/web30\/?p=552"},"modified":"2016-09-02T14:31:13","modified_gmt":"2016-09-02T14:31:13","slug":"funcionarios-recorrieron-obras-en-el-rio-lujan","status":"publish","type":"post","link":"http:\/\/tuportaldelujan.com.ar\/web30\/funcionarios-recorrieron-obras-en-el-rio-lujan\/","title":{"rendered":"Funcionarios recorrieron obras en el r\u00edo Luj\u00e1n."},"content":{"rendered":"<h2>Funcionarios recorrieron obras en el R\u00edo Lujan.<\/h2>\n<p><a href=\"http:\/\/tuportaldelujan.com.ar\/web30\/wp-content\/uploads\/2016\/09\/obras-en-el-rio-lujan-cuenca-buenos-aires.jpg\"><img loading=\"lazy\" decoding=\"async\" class=\"alignright wp-image-553\" src=\"http:\/\/tuportaldelujan.com.ar\/web30\/wp-content\/uploads\/2016\/09\/obras-en-el-rio-lujan-cuenca-buenos-aires-300x200.jpg\" alt=\"Visita a obras en el r\u00edo Luj\u00e1n, Agosto de 2016\" width=\"400\" height=\"267\" srcset=\"http:\/\/tuportaldelujan.com.ar\/web30\/wp-content\/uploads\/2016\/09\/obras-en-el-rio-lujan-cuenca-buenos-aires-300x200.jpg 300w, http:\/\/tuportaldelujan.com.ar\/web30\/wp-content\/uploads\/2016\/09\/obras-en-el-rio-lujan-cuenca-buenos-aires-480x320.jpg 480w, http:\/\/tuportaldelujan.com.ar\/web30\/wp-content\/uploads\/2016\/09\/obras-en-el-rio-lujan-cuenca-buenos-aires-320x213.jpg 320w, http:\/\/tuportaldelujan.com.ar\/web30\/wp-content\/uploads\/2016\/09\/obras-en-el-rio-lujan-cuenca-buenos-aires-240x160.jpg 240w, http:\/\/tuportaldelujan.com.ar\/web30\/wp-content\/uploads\/2016\/09\/obras-en-el-rio-lujan-cuenca-buenos-aires.jpg 600w\" sizes=\"auto, (max-width: 400px) 100vw, 400px\" \/><\/a>En el marco de la visita oficial al Partido de Lujan del Secretario General del Gobierno de la Provincia de Buenos Aires, luego de mantener una importante reuni\u00f3n de gabinete ampliado y de recibir en el Palacio Municipal a los medios de comunicaci\u00f3n, las autoridades visitaron obras en la ciudad.<\/p>\n<p>En esta oportunidad el Intendente Municipal, Oscar Luciani junto al funcionario bonaerense, Fabi\u00e1n Perechodnik visitaron los trabajos que la Provincia lleva adelante a la vera del R\u00edo Lujan. Fueron acompa\u00f1ados por el Presidente del Honorable Concejo Deliberante, Nicol\u00e1s Quarenta; Subsecretario de Servicios P\u00fablicos, Sergio Fern\u00e1ndez; el Coordinador de Defensa Civil, Antonio Graglia; el Director Provincial de Innovaci\u00f3n, Fernando Lapolla y el Coordinador Provincial de Asuntos Municipales, Ezequiel Bisso.<\/p>\n<p>En primer lugar estuvieron en la localidad de J\u00e1uregui, all\u00ed observaron la limpieza llevada adelante hace algunos d\u00edas y finalmente con la presencia de las m\u00e1quinas trabajando visitaron la localidad de Olivera. \u201cLas obras est\u00e1n muy avanzadas, esto ayudara mucho para prevenir\u201d coment\u00f3 el Secretario General.<\/p>\n<div class=\"fb-like\" data-href=\"http:\/\/tuportaldelujan.com.ar\/web30\/funcionarios-recorrieron-obras-en-el-rio-lujan\/\" data-layout=\"standard\" data-action=\"like\" data-size=\"small\" data-show-faces=\"true\" data-share=\"true\"><\/div>\n","protected":false},"excerpt":{"rendered":"<p>Funcionarios recorrieron obras en el R\u00edo Lujan. En el marco de la visita oficial al Partido de Lujan del Secretario General del Gobierno de la Provincia de Buenos Aires, luego de mantener una importante reuni\u00f3n de gabinete ampliado y de recibir en el Palacio Municipal a los medios de comunicaci\u00f3n, las autoridades visitaron obras en [&hellip;]<\/p>\n","protected":false},"author":2,"featured_media":553,"comment_status":"closed","ping_status":"closed","sticky":false,"template":"","format":"standard","meta":{"_uag_custom_page_level_css":"","site-sidebar-layout":"default","site-content-layout":"","ast-site-content-layout":"default","site-content-style":"default","site-sidebar-style":"default","ast-global-header-display":"","ast-banner-title-visibility":"","ast-main-header-display":"","ast-hfb-above-header-display":"","ast-hfb-below-header-display":"","ast-hfb-mobile-header-display":"","site-post-title":"","ast-breadcrumbs-content":"","ast-featured-img":"","footer-sml-layout":"","theme-transparent-header-meta":"","adv-header-id-meta":"","stick-header-meta":"","header-above-stick-meta":"","header-main-stick-meta":"","header-below-stick-meta":"","astra-migrate-meta-layouts":"default","ast-page-background-enabled":"default","ast-page-background-meta":{"desktop":{"background-color":"var(--ast-global-color-4)","background-image":"","background-repeat":"repeat","background-position":"center center","background-size":"auto","background-attachment":"scroll","background-type":"","background-media":"","overlay-type":"","overlay-color":"","overlay-opacity":"","overlay-gradient":""},"tablet":{"background-color":"","background-image":"","background-repeat":"repeat","background-position":"center center","background-size":"auto","background-attachment":"scroll","background-type":"","background-media":"","overlay-type":"","overlay-color":"","overlay-opacity":"","overlay-gradient":""},"mobile":{"background-color":"","background-image":"","background-repeat":"repeat","background-position":"center center","background-size":"auto","background-attachment":"scroll","background-type":"","background-media":"","overlay-type":"","overlay-color":"","overlay-opacity":"","overlay-gradient":""}},"ast-content-background-meta":{"desktop":{"background-color":"var(--ast-global-color-5)","background-image":"","background-repeat":"repeat","background-position":"center center","background-size":"auto","background-attachment":"scroll","background-type":"","background-media":"","overlay-type":"","overlay-color":"","overlay-opacity":"","overlay-gradient":""},"tablet":{"background-color":"var(--ast-global-color-5)","background-image":"","background-repeat":"repeat","background-position":"center center","background-size":"auto","background-attachment":"scroll","background-type":"","background-media":"","overlay-type":"","overlay-color":"","overlay-opacity":"","overlay-gradient":""},"mobile":{"background-color":"var(--ast-global-color-5)","background-image":"","background-repeat":"repeat","background-position":"center center","background-size":"auto","background-attachment":"scroll","background-type":"","background-media":"","overlay-type":"","overlay-color":"","overlay-opacity":"","overlay-gradient":""}},"footnotes":""},"categories":[5],"tags":[54,55,53],"class_list":["post-552","post","type-post","status-publish","format-standard","has-post-thumbnail","hentry","category-noticias","tag-intendente","tag-obras","tag-rio-lujan"],"uagb_featured_image_src":{"full":["http:\/\/tuportaldelujan.com.ar\/web30\/wp-content\/uploads\/2016\/09\/obras-en-el-rio-lujan-cuenca-buenos-aires.jpg",600,400,false],"thumbnail":["http:\/\/tuportaldelujan.com.ar\/web30\/wp-content\/uploads\/2016\/09\/obras-en-el-rio-lujan-cuenca-buenos-aires-150x150.jpg",150,150,true],"medium":["http:\/\/tuportaldelujan.com.ar\/web30\/wp-content\/uploads\/2016\/09\/obras-en-el-rio-lujan-cuenca-buenos-aires-300x200.jpg",300,200,true],"medium_large":["http:\/\/tuportaldelujan.com.ar\/web30\/wp-content\/uploads\/2016\/09\/obras-en-el-rio-lujan-cuenca-buenos-aires.jpg",600,400,false],"large":["http:\/\/tuportaldelujan.com.ar\/web30\/wp-content\/uploads\/2016\/09\/obras-en-el-rio-lujan-cuenca-buenos-aires.jpg",600,400,false],"1536x1536":["http:\/\/tuportaldelujan.com.ar\/web30\/wp-content\/uploads\/2016\/09\/obras-en-el-rio-lujan-cuenca-buenos-aires.jpg",600,400,false],"2048x2048":["http:\/\/tuportaldelujan.com.ar\/web30\/wp-content\/uploads\/2016\/09\/obras-en-el-rio-lujan-cuenca-buenos-aires.jpg",600,400,false]},"uagb_author_info":{"display_name":"tuportal","author_link":"http:\/\/tuportaldelujan.com.ar\/web30\/author\/tuportal\/"},"uagb_comment_info":0,"uagb_excerpt":"Funcionarios recorrieron obras en el R\u00edo Lujan. En el marco de la visita oficial al Partido de Lujan del Secretario General del Gobierno de la Provincia de Buenos Aires, luego de mantener una importante reuni\u00f3n de gabinete ampliado y de recibir en el Palacio Municipal a los medios de comunicaci\u00f3n, las autoridades visitaron obras en&hellip;","builder_content":"","_links":{"self":[{"href":"http:\/\/tuportaldelujan.com.ar\/web30\/wp-json\/wp\/v2\/posts\/552","targetHints":{"allow":["GET"]}}],"collection":[{"href":"http:\/\/tuportaldelujan.com.ar\/web30\/wp-json\/wp\/v2\/posts"}],"about":[{"href":"http:\/\/tuportaldelujan.com.ar\/web30\/wp-json\/wp\/v2\/types\/post"}],"author":[{"embeddable":true,"href":"http:\/\/tuportaldelujan.com.ar\/web30\/wp-json\/wp\/v2\/users\/2"}],"replies":[{"embeddable":true,"href":"http:\/\/tuportaldelujan.com.ar\/web30\/wp-json\/wp\/v2\/comments?post=552"}],"version-history":[{"count":3,"href":"http:\/\/tuportaldelujan.com.ar\/web30\/wp-json\/wp\/v2\/posts\/552\/revisions"}],"predecessor-version":[{"id":556,"href":"http:\/\/tuportaldelujan.com.ar\/web30\/wp-json\/wp\/v2\/posts\/552\/revisions\/556"}],"wp:featuredmedia":[{"embeddable":true,"href":"http:\/\/tuportaldelujan.com.ar\/web30\/wp-json\/wp\/v2\/media\/553"}],"wp:attachment":[{"href":"http:\/\/tuportaldelujan.com.ar\/web30\/wp-json\/wp\/v2\/media?parent=552"}],"wp:term":[{"taxonomy":"category","embeddable":true,"href":"http:\/\/tuportaldelujan.com.ar\/web30\/wp-json\/wp\/v2\/categories?post=552"},{"taxonomy":"post_tag","embeddable":true,"href":"http:\/\/tuportaldelujan.com.ar\/web30\/wp-json\/wp\/v2\/tags?post=552"}],"curies":[{"name":"wp","href":"https:\/\/api.w.org\/{rel}","templated":true}]}}