{"id":537,"date":"2016-09-02T13:26:09","date_gmt":"2016-09-02T13:26:09","guid":{"rendered":"http:\/\/tuportaldelujan.com.ar\/web30\/?p=537"},"modified":"2016-09-02T13:28:04","modified_gmt":"2016-09-02T13:28:04","slug":"exposicion-anual-de-alimentos-sin-gluten-en-el-municipio-de-san-martin-buenos-aires","status":"publish","type":"post","link":"http:\/\/tuportaldelujan.com.ar\/web30\/exposicion-anual-de-alimentos-sin-gluten-en-el-municipio-de-san-martin-buenos-aires\/","title":{"rendered":"Exposici\u00f3n anual de alimentos sin gluten en el municipio de San Mart\u00edn, Buenos Aires."},"content":{"rendered":"<h2>Exposici\u00f3n Anual de Alimentos sin gluten<\/h2>\n<p><a href=\"http:\/\/tuportaldelujan.com.ar\/web30\/wp-content\/uploads\/2016\/09\/exposicion-anual-alimentos-sin-gluten-san-martin-buenos-aires-tuportaldelujan.jpg\"><img loading=\"lazy\" decoding=\"async\" class=\"alignright wp-image-538\" src=\"http:\/\/tuportaldelujan.com.ar\/web30\/wp-content\/uploads\/2016\/09\/exposicion-anual-alimentos-sin-gluten-san-martin-buenos-aires-tuportaldelujan-300x200.jpg\" alt=\"Exposici\u00f3n anual de alimentos para cel\u00edacos sin gluten en San Mart\u00edn, Buenos Aires\" width=\"400\" height=\"267\" srcset=\"http:\/\/tuportaldelujan.com.ar\/web30\/wp-content\/uploads\/2016\/09\/exposicion-anual-alimentos-sin-gluten-san-martin-buenos-aires-tuportaldelujan-300x200.jpg 300w, http:\/\/tuportaldelujan.com.ar\/web30\/wp-content\/uploads\/2016\/09\/exposicion-anual-alimentos-sin-gluten-san-martin-buenos-aires-tuportaldelujan-480x320.jpg 480w, http:\/\/tuportaldelujan.com.ar\/web30\/wp-content\/uploads\/2016\/09\/exposicion-anual-alimentos-sin-gluten-san-martin-buenos-aires-tuportaldelujan-320x213.jpg 320w, http:\/\/tuportaldelujan.com.ar\/web30\/wp-content\/uploads\/2016\/09\/exposicion-anual-alimentos-sin-gluten-san-martin-buenos-aires-tuportaldelujan-240x160.jpg 240w, http:\/\/tuportaldelujan.com.ar\/web30\/wp-content\/uploads\/2016\/09\/exposicion-anual-alimentos-sin-gluten-san-martin-buenos-aires-tuportaldelujan.jpg 600w\" sizes=\"auto, (max-width: 400px) 100vw, 400px\" \/><\/a>La Secretar\u00eda de Salud de la Municipalidad de Luj\u00e1n informa que\u00a0 se realizar\u00e1\u00a0 la exposici\u00f3n anual de alimentos sin gluten, EXPOACELA, que organiza ACELA desde hace 25 a\u00f1os. La misma tendr\u00e1 lugar los d\u00edas 10 y 11 de septiembre, de 10 a 20hs, en el Parque Hip\u00f3lito Yrigoyen, situado en General Paz y 25 de Mayo, en el municipio de San Mart\u00edn, con entrada libre y gratuita.<\/p>\n<p>La variedad de productos es tan amplia, que se puede encontrar desde un chorip\u00e1n hasta un pan dulce o helado en cucurucho.<\/p>\n<p>\u00bfQu\u00e9 es la enfermedad cel\u00edaca?<\/p>\n<p>La Enfermedad Cel\u00edaca (EC) se desencadena por la ingesta de gluten (prote\u00edna del trigo, la avena, la cebada y el centeno) en las personas gen\u00e9ticamente predispuestas. Se trata de una intolerancia de por vida, que provoca da\u00f1os intestinales de diferente magnitud.<\/p>\n<p>El camino para prevenir esto es la supresi\u00f3n permanente y estricta de la ingesta de gluten. A medida que pasan los a\u00f1os el mercado toma conciencia y ofrece m\u00e1s opciones para los cel\u00edacos, pero nada mejor que reunir en un solo lugar un men\u00fa con m\u00faltiples opciones.<\/p>\n<p>Una de las firmas que realiza esto es Kapac Alimentos Espec\u00edficos SA, con una variedad de productos gen\u00e9ricos como las premezclas de harina sin TACC (trigo, avena, cebada, centeno), para pan y bizcochuelos, y los panes con semillas de girasol, lino y s\u00e9samo, con fibras naturales.<\/p>\n<p>Un p\u00e1rrafo aparte merecen las semillas de chia -una planta originaria de M\u00e9xico, Guatemala y Bolivia- ricas en muc\u00edlago, f\u00e9cula y aceite. Los expertos coinciden en que es la mayor fuente vegetal de \u00e1cidos grasos Omega-3, \u00fatil contra las enfermedades cardiovasculares.<\/p>\n<p>Cuando se habla de celiaqu\u00eda se menciona una enfermedad que no deber\u00eda ser inhabilitante y muchas veces lo es. Pero hoy, existen entidades, como el Grupo Promotor de la Ley Cel\u00edaca, que tratan de entender por lo que pasa una persona celiaca a diario en situaciones cotidianas que para la mayor\u00eda de la\u00a0 gente pasan desapercibidas.<\/p>\n<p>El objetivo es llegar a familias en las cuales hay alg\u00fan integrante cel\u00edaco, con propuestas que no suelen consumir o conseguir f\u00e1cilmente. Se busca trasmitir un mensaje claro sobre las opciones gastron\u00f3micas, la seguridad y los cuidados aplicados al manejo de alimentos, para brindar tranquilidad y confianza a los comensales cel\u00edacos.<\/p>\n<p>As\u00ed , tratan de llegar con propuestas libres de gluten, entre ellas pastas caseras, milanesas, pescados rebozados, creps de verdura, pizzas, picadas, helados, flanes caseros, mousses, brownies y panqueques con dulce de leche y frutas; todas ellas conforman un amplio abanico de opciones aptas para cel\u00edacos.<\/p>\n<p>ACELA es una entidad sin fines de lucro formada por padres y pacientes cel\u00edacos, que unen sus esfuerzos para tratar de hacer sustentable la vida comunitaria del enfermo y de su familia. Para ello, se realizan reuniones peri\u00f3dicas en todo el pa\u00eds, con el objetivo de difundir todos los aspectos de la enfermedad; se analizan alimentos y se publican mensualmente los autorizados; se presiona sobre el gobierno para el logro de leyes en beneficio de los cel\u00edacos, y se coordinan esfuerzos con las empresas alimenticias para lograr la identificaci\u00f3n de los alimentos con el s\u00edmbolo internacional de productos \u00abSin Gluten\u00bb.<\/p>\n<div class=\"fb-like\" data-href=\"http:\/\/tuportaldelujan.com.ar\/web30\/exposicion-anual-de-alimentos-sin-gluten-en-el-municipio-de-san-martin-buenos-aires\/\" data-layout=\"standard\" data-action=\"like\" data-size=\"small\" data-show-faces=\"true\" data-share=\"true\"><\/div>\n","protected":false},"excerpt":{"rendered":"<p>Exposici\u00f3n Anual de Alimentos sin gluten La Secretar\u00eda de Salud de la Municipalidad de Luj\u00e1n informa que\u00a0 se realizar\u00e1\u00a0 la exposici\u00f3n anual de alimentos sin gluten, EXPOACELA, que organiza ACELA desde hace 25 a\u00f1os. La misma tendr\u00e1 lugar los d\u00edas 10 y 11 de septiembre, de 10 a 20hs, en el Parque Hip\u00f3lito Yrigoyen, situado [&hellip;]<\/p>\n","protected":false},"author":2,"featured_media":538,"comment_status":"closed","ping_status":"closed","sticky":false,"template":"","format":"standard","meta":{"_uag_custom_page_level_css":"","site-sidebar-layout":"default","site-content-layout":"","ast-site-content-layout":"default","site-content-style":"default","site-sidebar-style":"default","ast-global-header-display":"","ast-banner-title-visibility":"","ast-main-header-display":"","ast-hfb-above-header-display":"","ast-hfb-below-header-display":"","ast-hfb-mobile-header-display":"","site-post-title":"","ast-breadcrumbs-content":"","ast-featured-img":"","footer-sml-layout":"","theme-transparent-header-meta":"","adv-header-id-meta":"","stick-header-meta":"","header-above-stick-meta":"","header-main-stick-meta":"","header-below-stick-meta":"","astra-migrate-meta-layouts":"default","ast-page-background-enabled":"default","ast-page-background-meta":{"desktop":{"background-color":"var(--ast-global-color-4)","background-image":"","background-repeat":"repeat","background-position":"center center","background-size":"auto","background-attachment":"scroll","background-type":"","background-media":"","overlay-type":"","overlay-color":"","overlay-opacity":"","overlay-gradient":""},"tablet":{"background-color":"","background-image":"","background-repeat":"repeat","background-position":"center center","background-size":"auto","background-attachment":"scroll","background-type":"","background-media":"","overlay-type":"","overlay-color":"","overlay-opacity":"","overlay-gradient":""},"mobile":{"background-color":"","background-image":"","background-repeat":"repeat","background-position":"center center","background-size":"auto","background-attachment":"scroll","background-type":"","background-media":"","overlay-type":"","overlay-color":"","overlay-opacity":"","overlay-gradient":""}},"ast-content-background-meta":{"desktop":{"background-color":"var(--ast-global-color-5)","background-image":"","background-repeat":"repeat","background-position":"center center","background-size":"auto","background-attachment":"scroll","background-type":"","background-media":"","overlay-type":"","overlay-color":"","overlay-opacity":"","overlay-gradient":""},"tablet":{"background-color":"var(--ast-global-color-5)","background-image":"","background-repeat":"repeat","background-position":"center center","background-size":"auto","background-attachment":"scroll","background-type":"","background-media":"","overlay-type":"","overlay-color":"","overlay-opacity":"","overlay-gradient":""},"mobile":{"background-color":"var(--ast-global-color-5)","background-image":"","background-repeat":"repeat","background-position":"center center","background-size":"auto","background-attachment":"scroll","background-type":"","background-media":"","overlay-type":"","overlay-color":"","overlay-opacity":"","overlay-gradient":""}},"footnotes":""},"categories":[23],"tags":[44,47,43,45,36,46],"class_list":["post-537","post","type-post","status-publish","format-standard","has-post-thumbnail","hentry","category-salud","tag-alimentos","tag-buenos-aires","tag-celiacos","tag-exposicion","tag-lujan","tag-san-martin"],"uagb_featured_image_src":{"full":["http:\/\/tuportaldelujan.com.ar\/web30\/wp-content\/uploads\/2016\/09\/exposicion-anual-alimentos-sin-gluten-san-martin-buenos-aires-tuportaldelujan.jpg",600,400,false],"thumbnail":["http:\/\/tuportaldelujan.com.ar\/web30\/wp-content\/uploads\/2016\/09\/exposicion-anual-alimentos-sin-gluten-san-martin-buenos-aires-tuportaldelujan-150x150.jpg",150,150,true],"medium":["http:\/\/tuportaldelujan.com.ar\/web30\/wp-content\/uploads\/2016\/09\/exposicion-anual-alimentos-sin-gluten-san-martin-buenos-aires-tuportaldelujan-300x200.jpg",300,200,true],"medium_large":["http:\/\/tuportaldelujan.com.ar\/web30\/wp-content\/uploads\/2016\/09\/exposicion-anual-alimentos-sin-gluten-san-martin-buenos-aires-tuportaldelujan.jpg",600,400,false],"large":["http:\/\/tuportaldelujan.com.ar\/web30\/wp-content\/uploads\/2016\/09\/exposicion-anual-alimentos-sin-gluten-san-martin-buenos-aires-tuportaldelujan.jpg",600,400,false],"1536x1536":["http:\/\/tuportaldelujan.com.ar\/web30\/wp-content\/uploads\/2016\/09\/exposicion-anual-alimentos-sin-gluten-san-martin-buenos-aires-tuportaldelujan.jpg",600,400,false],"2048x2048":["http:\/\/tuportaldelujan.com.ar\/web30\/wp-content\/uploads\/2016\/09\/exposicion-anual-alimentos-sin-gluten-san-martin-buenos-aires-tuportaldelujan.jpg",600,400,false]},"uagb_author_info":{"display_name":"tuportal","author_link":"http:\/\/tuportaldelujan.com.ar\/web30\/author\/tuportal\/"},"uagb_comment_info":0,"uagb_excerpt":"Exposici\u00f3n Anual de Alimentos sin gluten La Secretar\u00eda de Salud de la Municipalidad de Luj\u00e1n informa que\u00a0 se realizar\u00e1\u00a0 la exposici\u00f3n anual de alimentos sin gluten, EXPOACELA, que organiza ACELA desde hace 25 a\u00f1os. La misma tendr\u00e1 lugar los d\u00edas 10 y 11 de septiembre, de 10 a 20hs, en el Parque Hip\u00f3lito Yrigoyen, situado&hellip;","builder_content":"","_links":{"self":[{"href":"http:\/\/tuportaldelujan.com.ar\/web30\/wp-json\/wp\/v2\/posts\/537","targetHints":{"allow":["GET"]}}],"collection":[{"href":"http:\/\/tuportaldelujan.com.ar\/web30\/wp-json\/wp\/v2\/posts"}],"about":[{"href":"http:\/\/tuportaldelujan.com.ar\/web30\/wp-json\/wp\/v2\/types\/post"}],"author":[{"embeddable":true,"href":"http:\/\/tuportaldelujan.com.ar\/web30\/wp-json\/wp\/v2\/users\/2"}],"replies":[{"embeddable":true,"href":"http:\/\/tuportaldelujan.com.ar\/web30\/wp-json\/wp\/v2\/comments?post=537"}],"version-history":[{"count":3,"href":"http:\/\/tuportaldelujan.com.ar\/web30\/wp-json\/wp\/v2\/posts\/537\/revisions"}],"predecessor-version":[{"id":541,"href":"http:\/\/tuportaldelujan.com.ar\/web30\/wp-json\/wp\/v2\/posts\/537\/revisions\/541"}],"wp:featuredmedia":[{"embeddable":true,"href":"http:\/\/tuportaldelujan.com.ar\/web30\/wp-json\/wp\/v2\/media\/538"}],"wp:attachment":[{"href":"http:\/\/tuportaldelujan.com.ar\/web30\/wp-json\/wp\/v2\/media?parent=537"}],"wp:term":[{"taxonomy":"category","embeddable":true,"href":"http:\/\/tuportaldelujan.com.ar\/web30\/wp-json\/wp\/v2\/categories?post=537"},{"taxonomy":"post_tag","embeddable":true,"href":"http:\/\/tuportaldelujan.com.ar\/web30\/wp-json\/wp\/v2\/tags?post=537"}],"curies":[{"name":"wp","href":"https:\/\/api.w.org\/{rel}","templated":true}]}}